{"id":11690,"date":"2025-02-28T10:14:59","date_gmt":"2025-02-28T09:14:59","guid":{"rendered":"https:\/\/inprofit.eu\/sem-categoria\/embalagem-emocional-como-e-que-o-design-de-uma-embalagem-te-pode-fazer-sentir\/"},"modified":"2025-12-29T11:36:55","modified_gmt":"2025-12-29T10:36:55","slug":"embalagem-emocional-como-e-que-o-design-de-uma-embalagem-te-pode-fazer-sentir","status":"publish","type":"post","link":"https:\/\/inprofit.eu\/pt-pt\/marca\/embalagem-emocional-como-e-que-o-design-de-uma-embalagem-te-pode-fazer-sentir\/","title":{"rendered":"Embalagem emocional Como \u00e9 que o design de uma embalagem te pode fazer sentir?"},"content":{"rendered":"\n<p>No dom\u00ednio do branding, <strong>a embalagem emocional<\/strong> estabeleceu-se como uma estrat\u00e9gia fundamental para estabelecer uma liga\u00e7\u00e3o com os consumidores a um n\u00edvel <a href=\"https:\/\/inprofit.eu\/neuromarketing\/marketing-sensorial-aplicado-al-branding\/\" target=\"_blank\" rel=\"noreferrer noopener\">psicol\u00f3gico e sensorial<\/a>. Desde as cores e texturas \u00e0s formas e materiais, cada elemento do design da embalagem pode desencadear uma rea\u00e7\u00e3o emocional que influencia a perce\u00e7\u00e3o da marca e as decis\u00f5es de compra.<\/p>\n\n<p>O ser humano n\u00e3o escolhe os produtos apenas pela sua funcionalidade, mas tamb\u00e9m pela carga emocional que transmitem. Uma embalagem bem concebida \u00e9 capaz de gerar <strong>confian\u00e7a, nostalgia, excita\u00e7\u00e3o ou mesmo calma<\/strong>, dependendo dos est\u00edmulos que ativa no c\u00e9rebro. Marcas como a Apple, a Coca-Cola ou a Lush souberam utilizar o design das suas embalagens para evocar emo\u00e7\u00f5es espec\u00edficas e refor\u00e7ar a rela\u00e7\u00e3o com os seus consumidores.  <\/p>\n\n<p>Neste artigo, vamos explorar a forma como o design da embalagem tem impacto nas emo\u00e7\u00f5es dos consumidores, que elementos desempenham um papel fundamental nesta perce\u00e7\u00e3o e que exemplos de marcas se destacaram na utiliza\u00e7\u00e3o de embalagens emocionais.<\/p>\n\n<h2 class=\"wp-block-heading\" id=\"h-la-psicologia-del-packaging-como-el-diseno-influye-en-la-percepcion-del-consumidor\">A psicologia da embalagem: como o design influencia a perce\u00e7\u00e3o do consumidor<\/h2>\n\n<p>O processo de decis\u00e3o do consumidor n\u00e3o \u00e9 meramente racional, mas \u00e9 profundamente influenciado pelas emo\u00e7\u00f5es. De acordo com <strong>estudos de neuroci\u00eancia aplicados ao marketing<\/strong>, mais de 90% das decis\u00f5es de compra s\u00e3o baseadas em emo\u00e7\u00f5es e percep\u00e7\u00f5es subconscientes. Neste sentido, a embalagem actua como um catalisador de est\u00edmulos visuais, t\u00e1cteis e emocionais que podem despertar uma predisposi\u00e7\u00e3o favor\u00e1vel em rela\u00e7\u00e3o a um produto.  <\/p>\n\n<p>Um dos principais mecanismos psicol\u00f3gicos envolvidos na <a href=\"https:\/\/inprofit.eu\/pt-pt\/marca\/a-importancia-da-embalagem-hoje-e-as-tendencias\/\" target=\"_blank\" rel=\"noreferrer noopener\">embalagem emocional<\/a> \u00e9 a <strong>teoria da associa\u00e7\u00e3o emocional<\/strong>. Este conceito, estudado em neuromarketing, sugere que certas cores, texturas e formas podem desencadear mem\u00f3rias e sensa\u00e7\u00f5es anteriores no consumidor. Por exemplo, as embalagens com tons pastel e um acabamento mate podem evocar suavidade e delicadeza, enquanto as embalagens com cores met\u00e1licas e linhas rectas sugerem tecnologia e modernidade.<\/p>\n\n<p>Al\u00e9m disso, o princ\u00edpio do <strong>priming visual<\/strong> desempenha um papel fundamental na perce\u00e7\u00e3o do consumidor. Este fen\u00f3meno explica como a exposi\u00e7\u00e3o a determinados est\u00edmulos visuais pode influenciar a interpreta\u00e7\u00e3o de um produto sem que o consumidor se aperceba disso conscientemente. Por outras palavras, uma embalagem concebida com uma linguagem visual coerente com a mensagem da marca pode refor\u00e7ar o seu posicionamento sem necessidade de explica\u00e7\u00f5es adicionais.  <\/p>\n\n<h3 class=\"wp-block-heading\" id=\"h-elementos-claves-del-diseno\">Elementos-chave da conce\u00e7\u00e3o<\/h3>\n\n<h4 class=\"wp-block-heading\" id=\"h-1-el-poder-del-color-y-su-impacto-en-la-psicologia-del-consumidor\">1. O poder da cor e o seu impacto na psicologia do consumidor<\/h4>\n\n<p>A cor \u00e9 um dos elementos mais influentes na <a href=\"https:\/\/inprofit.eu\/pt-pt\/neuromarketing-pt-pt\/aromarketing-marketing-olfativo-e-ambientadores-profissionais\/\" target=\"_blank\" rel=\"noreferrer noopener\">embalagem emocional<\/a>, uma vez que tem a capacidade de desencadear respostas instintivas. De acordo com a psicologia da cor, as diferentes tonalidades podem desencadear associa\u00e7\u00f5es espec\u00edficas na mente do consumidor:<\/p>\n\n<ul class=\"wp-block-list\">\n<li><strong>Vermelho:<\/strong> Representa a energia, a paix\u00e3o e a urg\u00eancia. \u00c9 utilizado por marcas como a Coca-Cola para transmitir dinamismo e entusiasmo. <\/li>\n\n\n\n<li><strong>Azul:<\/strong> Evoca confian\u00e7a, estabilidade e tranquilidade. Empresas como a Nivea utilizam-no nas suas embalagens para refor\u00e7ar a sensa\u00e7\u00e3o de cuidado e prote\u00e7\u00e3o. <\/li>\n\n\n\n<li><strong>Verde:<\/strong> Est\u00e1 associado \u00e0 natureza, \u00e0 frescura e \u00e0 sustentabilidade. Marcas como a Lush utilizaram o verde na sua identidade visual para real\u00e7ar a sua abordagem ecol\u00f3gica. <\/li>\n\n\n\n<li><strong>Preto e dourado:<\/strong> transmite sofistica\u00e7\u00e3o e exclusividade. Os perfumes e os produtos de luxo utilizam frequentemente estes tons para se posicionarem como premium. <\/li>\n<\/ul>\n\n<h4 class=\"wp-block-heading\" id=\"h-2-texturas-y-materiales-la-experiencia-sensorial-del-producto\">2. texturas e materiais: a experi\u00eancia sensorial do produto<\/h4>\n\n<p>A experi\u00eancia t\u00e1til tamb\u00e9m desempenha um papel crucial na perce\u00e7\u00e3o do consumidor. Os materiais e os acabamentos podem transmitir diferentes emo\u00e7\u00f5es e valores: <\/p>\n\n<ul class=\"wp-block-list\">\n<li>As embalagens com um acabamento <strong>de toque suave<\/strong> geram uma sensa\u00e7\u00e3o de suavidade e exclusividade, refor\u00e7ando a perce\u00e7\u00e3o da qualidade do produto.<\/li>\n\n\n\n<li>Os materiais reciclados ou biodegrad\u00e1veis evocam valores de sustentabilidade e de compromisso ambiental. Marcas como a Patagonia implementaram este tipo de embalagem para refor\u00e7ar o seu posicionamento ecol\u00f3gico. <\/li>\n\n\n\n<li>O vidro, por ser mais pesado e frio ao toque, transmite uma sensa\u00e7\u00e3o de sofistica\u00e7\u00e3o e durabilidade, o que o torna ideal para produtos de qualidade superior, como perfumes e bebidas espirituosas.<\/li>\n<\/ul>\n\n<h4 class=\"wp-block-heading\" id=\"h-3-tipografia-y-diseno-grafico-la-coherencia-visual-como-estrategia-emocional\">3. tipografia e design gr\u00e1fico: a coer\u00eancia visual como estrat\u00e9gia emocional.<\/h4>\n\n<p>A escolha do tipo de letra e dos elementos gr\u00e1ficos tamb\u00e9m influencia a perce\u00e7\u00e3o emocional de uma embalagem. Enquanto os tipos de letra <strong>com serifa<\/strong> transmitem eleg\u00e2ncia e tradi\u00e7\u00e3o, os tipos de letra <strong>sem serifa<\/strong> reflectem modernidade e simplicidade. <\/p>\n\n<p>Da mesma forma, os elementos gr\u00e1ficos, como ilustra\u00e7\u00f5es desenhadas \u00e0 m\u00e3o ou designs minimalistas, podem refor\u00e7ar determinados valores da marca. Por exemplo, marcas artesanais como a Ben &amp; Jerry&#8217;s optaram por um design visual leve e divertido para se ligarem emocionalmente ao seu p\u00fablico. <\/p>\n\n<h3 class=\"wp-block-heading\" id=\"h-casos-de-exito-en-el-uso-del-packaging-emocional\">Hist\u00f3rias de sucesso na utiliza\u00e7\u00e3o de embalagens emocionais<\/h3>\n\n<h4 class=\"wp-block-heading\" id=\"h-apple\">Apple<\/h4>\n\n<p>A Apple aperfei\u00e7oou a experi\u00eancia da embalagem, transformando o ato de desembalar os seus produtos num ritual emocionante. O seu design minimalista, com cores neutras e acabamentos impec\u00e1veis, refor\u00e7a a perce\u00e7\u00e3o de exclusividade e qualidade. Cada detalhe da embalagem \u00e9 cuidadosamente pensado para gerar uma experi\u00eancia sensorial \u00fanica, desde a textura do cart\u00e3o \u00e0 forma como os produtos s\u00e3o dispostos dentro da caixa.  <\/p>\n\n<h4 class=\"wp-block-heading\" id=\"h-coca-cola\">Coca-Cola<\/h4>\n\n<p>A Coca-Cola tem utilizado a embalagem para refor\u00e7ar a sua identidade emocional ao longo das d\u00e9cadas. A forma instantaneamente reconhec\u00edvel da sua garrafa de vidro evoca mem\u00f3rias e emo\u00e7\u00f5es nos consumidores. Al\u00e9m disso, estrat\u00e9gias como a campanha de garrafas personalizadas com nomes foram um exemplo claro de como um design pode gerar uma liga\u00e7\u00e3o pessoal com a marca.  <\/p>\n\n<h4 class=\"wp-block-heading\" id=\"h-lush\">Lush<\/h4>\n\n<p>A Lush revolucionou a ind\u00fastria dos cosm\u00e9ticos com as suas embalagens sem embalagem. A aus\u00eancia de pl\u00e1sticos e a utiliza\u00e7\u00e3o de materiais biodegrad\u00e1veis refor\u00e7am o seu compromisso com a sustentabilidade, criando uma liga\u00e7\u00e3o emocional com os consumidores ambientalmente conscientes. Esta estrat\u00e9gia n\u00e3o s\u00f3 refor\u00e7a o seu posicionamento verde, como tamb\u00e9m transforma a experi\u00eancia de compra num ato de responsabilidade ambiental.  <\/p>\n\n<h2 class=\"wp-block-heading\" id=\"h-el-futuro-del-packaging-emocional\">O futuro das embalagens emocionais<\/h2>\n\n<p><a href=\"https:\/\/inprofit.eu\/pt-pt\/agencia-de-branding\/design-de-embalagens\/\">O design de embalagens<\/a> j\u00e1 n\u00e3o \u00e9 uma quest\u00e3o puramente est\u00e9tica, mas uma ferramenta estrat\u00e9gica capaz de influenciar as emo\u00e7\u00f5es e as decis\u00f5es dos consumidores. \u00c0 medida que as marcas procuram destacar-se em mercados cada vez mais saturados, a capacidade de gerar uma liga\u00e7\u00e3o emocional atrav\u00e9s da embalagem torna-se um fator diferenciador fundamental.<\/p>\n\n<p>O futuro das <strong>embalagens emocionais<\/strong> ser\u00e1 marcado pela inova\u00e7\u00e3o dos materiais, pela utiliza\u00e7\u00e3o de tecnologia interactiva e pela personaliza\u00e7\u00e3o em massa. Desde embalagens com realidade aumentada a texturas inteligentes que respondem ao toque, as possibilidades de criar experi\u00eancias \u00fanicas s\u00e3o infinitas. <\/p>\n\n<p>Em \u00faltima an\u00e1lise, o <strong>sucesso de um design de embalagem reside na sua capacidade de contar uma hist\u00f3ria e fazer com que o consumidor se sinta parte dela<\/strong>. As marcas que compreendem e aplicam estes princ\u00edpios estar\u00e3o melhor posicionadas para criar lealdade e diferencia\u00e7\u00e3o num ambiente competitivo em constante evolu\u00e7\u00e3o. <\/p>\n","protected":false},"excerpt":{"rendered":"<p>A embalagem deixou de ser um simples contentor de produtos para se tornar um poderoso recurso de comunica\u00e7\u00e3o e persuas\u00e3o.<\/p>\n","protected":false},"author":6,"featured_media":11680,"comment_status":"open","ping_status":"open","sticky":false,"template":"","format":"standard","meta":{"footnotes":""},"categories":[525],"tags":[528,527,526],"class_list":["post-11690","post","type-post","status-publish","format-standard","has-post-thumbnail","hentry","category-marca","tag-design-de-embalagens","tag-embalagem-emocional","tag-marca"],"yoast_head":"<!-- This site is optimized with the Yoast SEO Premium plugin v27.4 (Yoast SEO v27.4) - https:\/\/yoast.com\/product\/yoast-seo-premium-wordpress\/ -->\n<title>Embalagens emocionais - o design de uma embalagem pode fazer-te sentir?<\/title>\n<meta name=\"description\" content=\"Descobre como o design das embalagens influencia as emo\u00e7\u00f5es dos consumidores e cria liga\u00e7\u00f5es com as marcas. Estrat\u00e9gias, exemplos e muito mais.\" \/>\n<meta name=\"robots\" content=\"index, follow, max-snippet:-1, max-image-preview:large, max-video-preview:-1\" \/>\n<link rel=\"canonical\" href=\"https:\/\/inprofit.eu\/pt-pt\/marca\/embalagem-emocional-como-e-que-o-design-de-uma-embalagem-te-pode-fazer-sentir\/\" \/>\n<meta property=\"og:locale\" content=\"pt_PT\" \/>\n<meta property=\"og:type\" content=\"article\" \/>\n<meta property=\"og:title\" content=\"Embalagem emocional Como \u00e9 que o design de uma embalagem te pode fazer sentir?\" \/>\n<meta property=\"og:description\" content=\"Descobre como o design das embalagens influencia as emo\u00e7\u00f5es dos consumidores e cria liga\u00e7\u00f5es com as marcas. Estrat\u00e9gias, exemplos e muito mais.\" \/>\n<meta property=\"og:url\" content=\"https:\/\/inprofit.eu\/pt-pt\/marca\/embalagem-emocional-como-e-que-o-design-de-uma-embalagem-te-pode-fazer-sentir\/\" \/>\n<meta property=\"og:site_name\" content=\"Inprofit\" \/>\n<meta property=\"article:publisher\" content=\"https:\/\/www.facebook.com\/Inprofit1\/\" \/>\n<meta property=\"article:published_time\" content=\"2025-02-28T09:14:59+00:00\" \/>\n<meta property=\"article:modified_time\" content=\"2025-12-29T10:36:55+00:00\" \/>\n<meta property=\"og:image\" content=\"https:\/\/inprofit.eu\/wp-content\/uploads\/2025\/02\/Packaging-emocional.webp\" \/>\n\t<meta property=\"og:image:width\" content=\"1200\" \/>\n\t<meta property=\"og:image:height\" content=\"1200\" \/>\n\t<meta property=\"og:image:type\" content=\"image\/webp\" \/>\n<meta name=\"author\" content=\"Sara P\u00e9rez\" \/>\n<meta name=\"twitter:card\" content=\"summary_large_image\" \/>\n<meta name=\"twitter:label1\" content=\"Escrito por\" \/>\n\t<meta name=\"twitter:data1\" content=\"Sara P\u00e9rez\" \/>\n\t<meta name=\"twitter:label2\" content=\"Tempo estimado de leitura\" \/>\n\t<meta name=\"twitter:data2\" content=\"6 minutos\" \/>\n<script type=\"application\/ld+json\" class=\"yoast-schema-graph\">{\"@context\":\"https:\\\/\\\/schema.org\",\"@graph\":[{\"@type\":\"Article\",\"@id\":\"https:\\\/\\\/inprofit.eu\\\/pt-pt\\\/marca\\\/embalagem-emocional-como-e-que-o-design-de-uma-embalagem-te-pode-fazer-sentir\\\/#article\",\"isPartOf\":{\"@id\":\"https:\\\/\\\/inprofit.eu\\\/pt-pt\\\/marca\\\/embalagem-emocional-como-e-que-o-design-de-uma-embalagem-te-pode-fazer-sentir\\\/\"},\"author\":{\"name\":\"Sara P\u00e9rez\",\"@id\":\"https:\\\/\\\/inprofit.eu\\\/pt-pt\\\/#\\\/schema\\\/person\\\/6f1d240c8248d6d074784a2892130b2d\"},\"headline\":\"Embalagem emocional Como \u00e9 que o design de uma embalagem te pode fazer sentir?\",\"datePublished\":\"2025-02-28T09:14:59+00:00\",\"dateModified\":\"2025-12-29T10:36:55+00:00\",\"mainEntityOfPage\":{\"@id\":\"https:\\\/\\\/inprofit.eu\\\/pt-pt\\\/marca\\\/embalagem-emocional-como-e-que-o-design-de-uma-embalagem-te-pode-fazer-sentir\\\/\"},\"wordCount\":1197,\"commentCount\":0,\"publisher\":{\"@id\":\"https:\\\/\\\/inprofit.eu\\\/pt-pt\\\/#organization\"},\"image\":{\"@id\":\"https:\\\/\\\/inprofit.eu\\\/pt-pt\\\/marca\\\/embalagem-emocional-como-e-que-o-design-de-uma-embalagem-te-pode-fazer-sentir\\\/#primaryimage\"},\"thumbnailUrl\":\"https:\\\/\\\/inprofit.eu\\\/wp-content\\\/uploads\\\/2025\\\/02\\\/Packaging-emocional.webp\",\"keywords\":[\"Design de embalagens\",\"Embalagem emocional\",\"Marca\"],\"articleSection\":[\"Marca\"],\"inLanguage\":\"pt-PT\",\"potentialAction\":[{\"@type\":\"CommentAction\",\"name\":\"Comment\",\"target\":[\"https:\\\/\\\/inprofit.eu\\\/pt-pt\\\/marca\\\/embalagem-emocional-como-e-que-o-design-de-uma-embalagem-te-pode-fazer-sentir\\\/#respond\"]}]},{\"@type\":\"WebPage\",\"@id\":\"https:\\\/\\\/inprofit.eu\\\/pt-pt\\\/marca\\\/embalagem-emocional-como-e-que-o-design-de-uma-embalagem-te-pode-fazer-sentir\\\/\",\"url\":\"https:\\\/\\\/inprofit.eu\\\/pt-pt\\\/marca\\\/embalagem-emocional-como-e-que-o-design-de-uma-embalagem-te-pode-fazer-sentir\\\/\",\"name\":\"Embalagens emocionais - o design de uma embalagem pode fazer-te sentir?\",\"isPartOf\":{\"@id\":\"https:\\\/\\\/inprofit.eu\\\/pt-pt\\\/#website\"},\"primaryImageOfPage\":{\"@id\":\"https:\\\/\\\/inprofit.eu\\\/pt-pt\\\/marca\\\/embalagem-emocional-como-e-que-o-design-de-uma-embalagem-te-pode-fazer-sentir\\\/#primaryimage\"},\"image\":{\"@id\":\"https:\\\/\\\/inprofit.eu\\\/pt-pt\\\/marca\\\/embalagem-emocional-como-e-que-o-design-de-uma-embalagem-te-pode-fazer-sentir\\\/#primaryimage\"},\"thumbnailUrl\":\"https:\\\/\\\/inprofit.eu\\\/wp-content\\\/uploads\\\/2025\\\/02\\\/Packaging-emocional.webp\",\"datePublished\":\"2025-02-28T09:14:59+00:00\",\"dateModified\":\"2025-12-29T10:36:55+00:00\",\"description\":\"Descobre como o design das embalagens influencia as emo\u00e7\u00f5es dos consumidores e cria liga\u00e7\u00f5es com as marcas. Estrat\u00e9gias, exemplos e muito mais.\",\"breadcrumb\":{\"@id\":\"https:\\\/\\\/inprofit.eu\\\/pt-pt\\\/marca\\\/embalagem-emocional-como-e-que-o-design-de-uma-embalagem-te-pode-fazer-sentir\\\/#breadcrumb\"},\"inLanguage\":\"pt-PT\",\"potentialAction\":[{\"@type\":\"ReadAction\",\"target\":[\"https:\\\/\\\/inprofit.eu\\\/pt-pt\\\/marca\\\/embalagem-emocional-como-e-que-o-design-de-uma-embalagem-te-pode-fazer-sentir\\\/\"]}]},{\"@type\":\"ImageObject\",\"inLanguage\":\"pt-PT\",\"@id\":\"https:\\\/\\\/inprofit.eu\\\/pt-pt\\\/marca\\\/embalagem-emocional-como-e-que-o-design-de-uma-embalagem-te-pode-fazer-sentir\\\/#primaryimage\",\"url\":\"https:\\\/\\\/inprofit.eu\\\/wp-content\\\/uploads\\\/2025\\\/02\\\/Packaging-emocional.webp\",\"contentUrl\":\"https:\\\/\\\/inprofit.eu\\\/wp-content\\\/uploads\\\/2025\\\/02\\\/Packaging-emocional.webp\",\"width\":1200,\"height\":1200,\"caption\":\"Design de embalagens sensoriais\"},{\"@type\":\"BreadcrumbList\",\"@id\":\"https:\\\/\\\/inprofit.eu\\\/pt-pt\\\/marca\\\/embalagem-emocional-como-e-que-o-design-de-uma-embalagem-te-pode-fazer-sentir\\\/#breadcrumb\",\"itemListElement\":[{\"@type\":\"ListItem\",\"position\":1,\"name\":\"Persiana\",\"item\":\"https:\\\/\\\/inprofit.eu\\\/pt-pt\\\/casa\\\/\"},{\"@type\":\"ListItem\",\"position\":2,\"name\":\"Embalagem emocional Como \u00e9 que o design de uma embalagem te pode fazer sentir?\"}]},{\"@type\":\"WebSite\",\"@id\":\"https:\\\/\\\/inprofit.eu\\\/pt-pt\\\/#website\",\"url\":\"https:\\\/\\\/inprofit.eu\\\/pt-pt\\\/\",\"name\":\"Inprofit\",\"description\":\"Ag\u00eancia de marketing e tecnologia\",\"publisher\":{\"@id\":\"https:\\\/\\\/inprofit.eu\\\/pt-pt\\\/#organization\"},\"alternateName\":\"Inprofit\",\"potentialAction\":[{\"@type\":\"SearchAction\",\"target\":{\"@type\":\"EntryPoint\",\"urlTemplate\":\"https:\\\/\\\/inprofit.eu\\\/pt-pt\\\/?s={search_term_string}\"},\"query-input\":{\"@type\":\"PropertyValueSpecification\",\"valueRequired\":true,\"valueName\":\"search_term_string\"}}],\"inLanguage\":\"pt-PT\"},{\"@type\":\"Organization\",\"@id\":\"https:\\\/\\\/inprofit.eu\\\/pt-pt\\\/#organization\",\"name\":\"Inprofit\",\"alternateName\":\"Inprofit\",\"url\":\"https:\\\/\\\/inprofit.eu\\\/pt-pt\\\/\",\"logo\":{\"@type\":\"ImageObject\",\"inLanguage\":\"pt-PT\",\"@id\":\"https:\\\/\\\/inprofit.eu\\\/pt-pt\\\/#\\\/schema\\\/logo\\\/image\\\/\",\"url\":\"https:\\\/\\\/inprofit.eu\\\/wp-content\\\/uploads\\\/2024\\\/12\\\/Inprofit-agencia-360.webp\",\"contentUrl\":\"https:\\\/\\\/inprofit.eu\\\/wp-content\\\/uploads\\\/2024\\\/12\\\/Inprofit-agencia-360.webp\",\"width\":1080,\"height\":1080,\"caption\":\"Inprofit\"},\"image\":{\"@id\":\"https:\\\/\\\/inprofit.eu\\\/pt-pt\\\/#\\\/schema\\\/logo\\\/image\\\/\"},\"sameAs\":[\"https:\\\/\\\/www.facebook.com\\\/Inprofit1\\\/\",\"https:\\\/\\\/es.linkedin.com\\\/company\\\/inprofit\",\"https:\\\/\\\/www.tiktok.com\\\/@inprofit.1\",\"https:\\\/\\\/www.instagram.com\\\/inprofit.1\\\/\"],\"description\":\"Ag\u00eancia de marketing, estrat\u00e9gia e transforma\u00e7\u00e3o digital para empresas e PMEs. Impulsionamos o teu crescimento com solu\u00e7\u00f5es personalizadas, integrando inova\u00e7\u00e3o, criatividade e tecnologia para maximizar o teu impacto no mundo digital e f\u00edsico. \",\"email\":\"info@inprofit.eu\",\"telephone\":\"+34965594272\",\"legalName\":\"Inprofit Consulting SL\",\"foundingDate\":\"2018-10-18\",\"vatID\":\"B42605055\",\"taxID\":\"B42605055\",\"numberOfEmployees\":{\"@type\":\"QuantitativeValue\",\"minValue\":\"11\",\"maxValue\":\"50\"}},{\"@type\":\"Person\",\"@id\":\"https:\\\/\\\/inprofit.eu\\\/pt-pt\\\/#\\\/schema\\\/person\\\/6f1d240c8248d6d074784a2892130b2d\",\"name\":\"Sara P\u00e9rez\",\"image\":{\"@type\":\"ImageObject\",\"inLanguage\":\"pt-PT\",\"@id\":\"https:\\\/\\\/inprofit.eu\\\/wp-content\\\/litespeed\\\/avatar\\\/33352dde429c4cedd33dbdc0dfd21d19.jpg?ver=1777036826\",\"url\":\"https:\\\/\\\/inprofit.eu\\\/wp-content\\\/litespeed\\\/avatar\\\/33352dde429c4cedd33dbdc0dfd21d19.jpg?ver=1777036826\",\"contentUrl\":\"https:\\\/\\\/inprofit.eu\\\/wp-content\\\/litespeed\\\/avatar\\\/33352dde429c4cedd33dbdc0dfd21d19.jpg?ver=1777036826\",\"caption\":\"Sara P\u00e9rez\"},\"description\":\"Social Media Manager con alma de exploradora digital. Obsesionada con comunidades que crecen solas y estrategias que rompen moldes. Fan del\u00a0viral marketing 2.0 y experiencias inmersivas.\",\"sameAs\":[\"https:\\\/\\\/www.linkedin.com\\\/in\\\/sara-prez-ferrer-bb11b7110\\\/\"],\"jobTitle\":\"Social media\",\"worksFor\":\"Inprofit Consulting S.L.\",\"url\":\"https:\\\/\\\/inprofit.eu\\\/pt-pt\\\/author\\\/sara-perez\\\/\"}]}<\/script>\n<!-- \/ Yoast SEO Premium plugin. -->","yoast_head_json":{"title":"Embalagens emocionais - o design de uma embalagem pode fazer-te sentir?","description":"Descobre como o design das embalagens influencia as emo\u00e7\u00f5es dos consumidores e cria liga\u00e7\u00f5es com as marcas. Estrat\u00e9gias, exemplos e muito mais.","robots":{"index":"index","follow":"follow","max-snippet":"max-snippet:-1","max-image-preview":"max-image-preview:large","max-video-preview":"max-video-preview:-1"},"canonical":"https:\/\/inprofit.eu\/pt-pt\/marca\/embalagem-emocional-como-e-que-o-design-de-uma-embalagem-te-pode-fazer-sentir\/","og_locale":"pt_PT","og_type":"article","og_title":"Embalagem emocional Como \u00e9 que o design de uma embalagem te pode fazer sentir?","og_description":"Descobre como o design das embalagens influencia as emo\u00e7\u00f5es dos consumidores e cria liga\u00e7\u00f5es com as marcas. Estrat\u00e9gias, exemplos e muito mais.","og_url":"https:\/\/inprofit.eu\/pt-pt\/marca\/embalagem-emocional-como-e-que-o-design-de-uma-embalagem-te-pode-fazer-sentir\/","og_site_name":"Inprofit","article_publisher":"https:\/\/www.facebook.com\/Inprofit1\/","article_published_time":"2025-02-28T09:14:59+00:00","article_modified_time":"2025-12-29T10:36:55+00:00","og_image":[{"width":1200,"height":1200,"url":"https:\/\/inprofit.eu\/wp-content\/uploads\/2025\/02\/Packaging-emocional.webp","type":"image\/webp"}],"author":"Sara P\u00e9rez","twitter_card":"summary_large_image","twitter_misc":{"Escrito por":"Sara P\u00e9rez","Tempo estimado de leitura":"6 minutos"},"schema":{"@context":"https:\/\/schema.org","@graph":[{"@type":"Article","@id":"https:\/\/inprofit.eu\/pt-pt\/marca\/embalagem-emocional-como-e-que-o-design-de-uma-embalagem-te-pode-fazer-sentir\/#article","isPartOf":{"@id":"https:\/\/inprofit.eu\/pt-pt\/marca\/embalagem-emocional-como-e-que-o-design-de-uma-embalagem-te-pode-fazer-sentir\/"},"author":{"name":"Sara P\u00e9rez","@id":"https:\/\/inprofit.eu\/pt-pt\/#\/schema\/person\/6f1d240c8248d6d074784a2892130b2d"},"headline":"Embalagem emocional Como \u00e9 que o design de uma embalagem te pode fazer sentir?","datePublished":"2025-02-28T09:14:59+00:00","dateModified":"2025-12-29T10:36:55+00:00","mainEntityOfPage":{"@id":"https:\/\/inprofit.eu\/pt-pt\/marca\/embalagem-emocional-como-e-que-o-design-de-uma-embalagem-te-pode-fazer-sentir\/"},"wordCount":1197,"commentCount":0,"publisher":{"@id":"https:\/\/inprofit.eu\/pt-pt\/#organization"},"image":{"@id":"https:\/\/inprofit.eu\/pt-pt\/marca\/embalagem-emocional-como-e-que-o-design-de-uma-embalagem-te-pode-fazer-sentir\/#primaryimage"},"thumbnailUrl":"https:\/\/inprofit.eu\/wp-content\/uploads\/2025\/02\/Packaging-emocional.webp","keywords":["Design de embalagens","Embalagem emocional","Marca"],"articleSection":["Marca"],"inLanguage":"pt-PT","potentialAction":[{"@type":"CommentAction","name":"Comment","target":["https:\/\/inprofit.eu\/pt-pt\/marca\/embalagem-emocional-como-e-que-o-design-de-uma-embalagem-te-pode-fazer-sentir\/#respond"]}]},{"@type":"WebPage","@id":"https:\/\/inprofit.eu\/pt-pt\/marca\/embalagem-emocional-como-e-que-o-design-de-uma-embalagem-te-pode-fazer-sentir\/","url":"https:\/\/inprofit.eu\/pt-pt\/marca\/embalagem-emocional-como-e-que-o-design-de-uma-embalagem-te-pode-fazer-sentir\/","name":"Embalagens emocionais - o design de uma embalagem pode fazer-te sentir?","isPartOf":{"@id":"https:\/\/inprofit.eu\/pt-pt\/#website"},"primaryImageOfPage":{"@id":"https:\/\/inprofit.eu\/pt-pt\/marca\/embalagem-emocional-como-e-que-o-design-de-uma-embalagem-te-pode-fazer-sentir\/#primaryimage"},"image":{"@id":"https:\/\/inprofit.eu\/pt-pt\/marca\/embalagem-emocional-como-e-que-o-design-de-uma-embalagem-te-pode-fazer-sentir\/#primaryimage"},"thumbnailUrl":"https:\/\/inprofit.eu\/wp-content\/uploads\/2025\/02\/Packaging-emocional.webp","datePublished":"2025-02-28T09:14:59+00:00","dateModified":"2025-12-29T10:36:55+00:00","description":"Descobre como o design das embalagens influencia as emo\u00e7\u00f5es dos consumidores e cria liga\u00e7\u00f5es com as marcas. Estrat\u00e9gias, exemplos e muito mais.","breadcrumb":{"@id":"https:\/\/inprofit.eu\/pt-pt\/marca\/embalagem-emocional-como-e-que-o-design-de-uma-embalagem-te-pode-fazer-sentir\/#breadcrumb"},"inLanguage":"pt-PT","potentialAction":[{"@type":"ReadAction","target":["https:\/\/inprofit.eu\/pt-pt\/marca\/embalagem-emocional-como-e-que-o-design-de-uma-embalagem-te-pode-fazer-sentir\/"]}]},{"@type":"ImageObject","inLanguage":"pt-PT","@id":"https:\/\/inprofit.eu\/pt-pt\/marca\/embalagem-emocional-como-e-que-o-design-de-uma-embalagem-te-pode-fazer-sentir\/#primaryimage","url":"https:\/\/inprofit.eu\/wp-content\/uploads\/2025\/02\/Packaging-emocional.webp","contentUrl":"https:\/\/inprofit.eu\/wp-content\/uploads\/2025\/02\/Packaging-emocional.webp","width":1200,"height":1200,"caption":"Design de embalagens sensoriais"},{"@type":"BreadcrumbList","@id":"https:\/\/inprofit.eu\/pt-pt\/marca\/embalagem-emocional-como-e-que-o-design-de-uma-embalagem-te-pode-fazer-sentir\/#breadcrumb","itemListElement":[{"@type":"ListItem","position":1,"name":"Persiana","item":"https:\/\/inprofit.eu\/pt-pt\/casa\/"},{"@type":"ListItem","position":2,"name":"Embalagem emocional Como \u00e9 que o design de uma embalagem te pode fazer sentir?"}]},{"@type":"WebSite","@id":"https:\/\/inprofit.eu\/pt-pt\/#website","url":"https:\/\/inprofit.eu\/pt-pt\/","name":"Inprofit","description":"Ag\u00eancia de marketing e tecnologia","publisher":{"@id":"https:\/\/inprofit.eu\/pt-pt\/#organization"},"alternateName":"Inprofit","potentialAction":[{"@type":"SearchAction","target":{"@type":"EntryPoint","urlTemplate":"https:\/\/inprofit.eu\/pt-pt\/?s={search_term_string}"},"query-input":{"@type":"PropertyValueSpecification","valueRequired":true,"valueName":"search_term_string"}}],"inLanguage":"pt-PT"},{"@type":"Organization","@id":"https:\/\/inprofit.eu\/pt-pt\/#organization","name":"Inprofit","alternateName":"Inprofit","url":"https:\/\/inprofit.eu\/pt-pt\/","logo":{"@type":"ImageObject","inLanguage":"pt-PT","@id":"https:\/\/inprofit.eu\/pt-pt\/#\/schema\/logo\/image\/","url":"https:\/\/inprofit.eu\/wp-content\/uploads\/2024\/12\/Inprofit-agencia-360.webp","contentUrl":"https:\/\/inprofit.eu\/wp-content\/uploads\/2024\/12\/Inprofit-agencia-360.webp","width":1080,"height":1080,"caption":"Inprofit"},"image":{"@id":"https:\/\/inprofit.eu\/pt-pt\/#\/schema\/logo\/image\/"},"sameAs":["https:\/\/www.facebook.com\/Inprofit1\/","https:\/\/es.linkedin.com\/company\/inprofit","https:\/\/www.tiktok.com\/@inprofit.1","https:\/\/www.instagram.com\/inprofit.1\/"],"description":"Ag\u00eancia de marketing, estrat\u00e9gia e transforma\u00e7\u00e3o digital para empresas e PMEs. Impulsionamos o teu crescimento com solu\u00e7\u00f5es personalizadas, integrando inova\u00e7\u00e3o, criatividade e tecnologia para maximizar o teu impacto no mundo digital e f\u00edsico. ","email":"info@inprofit.eu","telephone":"+34965594272","legalName":"Inprofit Consulting SL","foundingDate":"2018-10-18","vatID":"B42605055","taxID":"B42605055","numberOfEmployees":{"@type":"QuantitativeValue","minValue":"11","maxValue":"50"}},{"@type":"Person","@id":"https:\/\/inprofit.eu\/pt-pt\/#\/schema\/person\/6f1d240c8248d6d074784a2892130b2d","name":"Sara P\u00e9rez","image":{"@type":"ImageObject","inLanguage":"pt-PT","@id":"https:\/\/inprofit.eu\/wp-content\/litespeed\/avatar\/33352dde429c4cedd33dbdc0dfd21d19.jpg?ver=1777036826","url":"https:\/\/inprofit.eu\/wp-content\/litespeed\/avatar\/33352dde429c4cedd33dbdc0dfd21d19.jpg?ver=1777036826","contentUrl":"https:\/\/inprofit.eu\/wp-content\/litespeed\/avatar\/33352dde429c4cedd33dbdc0dfd21d19.jpg?ver=1777036826","caption":"Sara P\u00e9rez"},"description":"Social Media Manager con alma de exploradora digital. Obsesionada con comunidades que crecen solas y estrategias que rompen moldes. Fan del\u00a0viral marketing 2.0 y experiencias inmersivas.","sameAs":["https:\/\/www.linkedin.com\/in\/sara-prez-ferrer-bb11b7110\/"],"jobTitle":"Social media","worksFor":"Inprofit Consulting S.L.","url":"https:\/\/inprofit.eu\/pt-pt\/author\/sara-perez\/"}]}},"_links":{"self":[{"href":"https:\/\/inprofit.eu\/pt-pt\/wp-json\/wp\/v2\/posts\/11690","targetHints":{"allow":["GET"]}}],"collection":[{"href":"https:\/\/inprofit.eu\/pt-pt\/wp-json\/wp\/v2\/posts"}],"about":[{"href":"https:\/\/inprofit.eu\/pt-pt\/wp-json\/wp\/v2\/types\/post"}],"author":[{"embeddable":true,"href":"https:\/\/inprofit.eu\/pt-pt\/wp-json\/wp\/v2\/users\/6"}],"replies":[{"embeddable":true,"href":"https:\/\/inprofit.eu\/pt-pt\/wp-json\/wp\/v2\/comments?post=11690"}],"version-history":[{"count":2,"href":"https:\/\/inprofit.eu\/pt-pt\/wp-json\/wp\/v2\/posts\/11690\/revisions"}],"predecessor-version":[{"id":18491,"href":"https:\/\/inprofit.eu\/pt-pt\/wp-json\/wp\/v2\/posts\/11690\/revisions\/18491"}],"wp:featuredmedia":[{"embeddable":true,"href":"https:\/\/inprofit.eu\/pt-pt\/wp-json\/wp\/v2\/media\/11680"}],"wp:attachment":[{"href":"https:\/\/inprofit.eu\/pt-pt\/wp-json\/wp\/v2\/media?parent=11690"}],"wp:term":[{"taxonomy":"category","embeddable":true,"href":"https:\/\/inprofit.eu\/pt-pt\/wp-json\/wp\/v2\/categories?post=11690"},{"taxonomy":"post_tag","embeddable":true,"href":"https:\/\/inprofit.eu\/pt-pt\/wp-json\/wp\/v2\/tags?post=11690"}],"curies":[{"name":"wp","href":"https:\/\/api.w.org\/{rel}","templated":true}]}}