{"id":15496,"date":"2025-07-30T09:54:00","date_gmt":"2025-07-30T07:54:00","guid":{"rendered":"https:\/\/inprofit.eu\/?p=15496"},"modified":"2025-12-19T12:48:54","modified_gmt":"2025-12-19T11:48:54","slug":"concecao-de-embalagens-para-produtos-cosmeticos","status":"publish","type":"post","link":"https:\/\/inprofit.eu\/pt-pt\/marca\/concecao-de-embalagens-para-produtos-cosmeticos\/","title":{"rendered":"Conce\u00e7\u00e3o de embalagens para produtos cosm\u00e9ticos"},"content":{"rendered":"\n<p>Uma embalagem bem concebida n\u00e3o s\u00f3 protege o produto, como tamb\u00e9m actua como uma ferramenta de marketing que influencia as decis\u00f5es de compra e fideliza o cliente.  <\/p>\n\n<p>Explora os princ\u00edpios fundamentais do design de embalagens, as tend\u00eancias actuais, as metodologias t\u00e9cnicas e a forma como estas estrat\u00e9gias geram valor comercial, com uma abordagem profissional e t\u00e9cnica.<\/p>\n\n<h2 class=\"wp-block-heading\" id=\"h-la-importancia-del-packaging-en-la-industria-cosmetica\">A import\u00e2ncia da embalagem na ind\u00fastria cosm\u00e9tica<\/h2>\n\n<p>El <a href=\"https:\/\/inprofit.eu\/martech\/marketing-digital-para-el-sector-de-la-cosmetica\/\" target=\"_blank\" rel=\"noreferrer noopener\">packaging en cosm\u00e9tica<\/a> cumple m\u00faltiples funciones: protege el producto, garantiza su funcionalidad, comunica la identidad de la marca y responde a las expectativas del consumidor.<\/p>\n\n<p>Num ambiente em que 70% das decis\u00f5es de compra s\u00e3o tomadas no ponto de venda ou em plataformas digitais (de acordo com um estudo da Nielsen), o design da embalagem \u00e9 um fator cr\u00edtico de diferencia\u00e7\u00e3o. Os principais objectivos da embalagem incluem: <\/p>\n\n<ul class=\"wp-block-list\">\n<li><strong>Atra\u00e7\u00e3o visual<\/strong>: capta a aten\u00e7\u00e3o em prateleiras f\u00edsicas ou digitais atrav\u00e9s de cores, formas e texturas.<\/li>\n\n\n\n<li><strong>Comunica\u00e7\u00e3o de valores<\/strong>: Reflecte atributos como a sustentabilidade, o luxo ou a inova\u00e7\u00e3o atrav\u00e9s dos materiais e do design gr\u00e1fico.<\/li>\n\n\n\n<li><strong>Funcionalidade<\/strong>: Garante a usabilidade, a seguran\u00e7a e a preserva\u00e7\u00e3o do produto.<\/li>\n\n\n\n<li><strong>Diferencia\u00e7\u00e3o competitiva<\/strong>: Destaca-te dos concorrentes num mercado com milhares de op\u00e7\u00f5es.<\/li>\n\n\n\n<li><strong>Fideliza\u00e7\u00e3o<\/strong>: Cria uma experi\u00eancia memor\u00e1vel que incentiva a recompra e a liga\u00e7\u00e3o emocional com a marca.<\/li>\n<\/ul>\n\n<p>Uma embalagem eficaz combina est\u00e9tica, funcionalidade e alinhamento estrat\u00e9gico para maximizar o impacto no consumidor e o retorno do investimento (ROI).<\/p>\n\n<h3 class=\"wp-block-heading\" id=\"h-principios-clave-del-diseno-de-packaging-para-cosmeticos\">Princ\u00edpios fundamentais do design de embalagens de cosm\u00e9ticos<\/h3>\n\n<h4 class=\"wp-block-heading\" id=\"h-1-identidad-de-marca\">1. identidade da marca<\/h4>\n\n<p>A embalagem deve ser uma extens\u00e3o da narrativa da marca. Isto inclui a utiliza\u00e7\u00e3o consistente de cores, tipos de letra e elementos gr\u00e1ficos que reflictam os valores da empresa. Por exemplo, uma marca de luxo pode optar por acabamentos met\u00e1licos e tipos de letra serifados elegantes, enquanto uma marca amiga do ambiente pode dar prioridade a materiais reciclados e tons naturais.  <\/p>\n\n<ul class=\"wp-block-list\">\n<li><strong>Aplica\u00e7\u00e3o t\u00e9cnica<\/strong>: Cria um manual de identidade da marca que especifique as paletas de cores (em c\u00f3digos CMYK ou Pantone), os tipos de letra e as diretrizes de aplica\u00e7\u00e3o para garantir a coer\u00eancia.<\/li>\n<\/ul>\n\n<h4 class=\"wp-block-heading\" id=\"h-2-funcionalidad-y-ergonomia\">Funcionalidade e ergonomia<\/h4>\n\n<p>A embalagem deve facilitar a utiliza\u00e7\u00e3o do produto e ser adaptada \u00e0s necessidades do consumidor. Por exemplo, as embalagens de creme devem incluir dispensadores precisos, enquanto os produtos l\u00edquidos requerem fechos herm\u00e9ticos para evitar derrames. <\/p>\n\n<ul class=\"wp-block-list\">\n<li><strong>Implementa\u00e7\u00e3o t\u00e9cnica<\/strong>: Realizar testes de usabilidade com prot\u00f3tipos para avaliar a experi\u00eancia do utilizador, utilizando m\u00e9tricas como o tempo de abertura ou a facilidade de dispensa.<\/li>\n<\/ul>\n\n<h4 class=\"wp-block-heading\" id=\"h-3-sostenibilidad\">3. sustentabilidade<\/h4>\n\n<p>A sustentabilidade \u00e9 uma prioridade para 66% dos consumidores de cosm\u00e9ticos, de acordo com um relat\u00f3rio da McKinsey. Os materiais recicl\u00e1veis, biodegrad\u00e1veis ou reutiliz\u00e1veis s\u00e3o essenciais para satisfazer as expectativas do mercado e os regulamentos ambientais. <\/p>\n\n<ul class=\"wp-block-list\">\n<li><strong>Aplica\u00e7\u00e3o t\u00e9cnica<\/strong>: Seleciona materiais como o vidro reciclado, os biopl\u00e1sticos ou o cart\u00e3o certificado pelo FSC e efectua uma an\u00e1lise do ciclo de vida (LCA) para avaliar o impacto ambiental.<\/li>\n<\/ul>\n\n<h4 class=\"wp-block-heading\" id=\"h-4-adaptacion-a-canales-de-venta\">4. Adapta\u00e7\u00e3o aos canais de venda<\/h4>\n\n<p>El packaging debe funcionar tanto en entornos f\u00edsicos como digitales. En <a href=\"https:\/\/inprofit.eu\/transformacion-digital\/ecommerce-plataformas-y-soluciones-para-tu-negocio-online\/\" target=\"_blank\" rel=\"noreferrer noopener\">e-commerce<\/a>, el dise\u00f1o debe ser fotog\u00e9nico y destacar en im\u00e1genes de peque\u00f1o formato, mientras que en tiendas f\u00edsicas debe ser llamativo desde diferentes \u00e1ngulos.<\/p>\n\n<ul class=\"wp-block-list\">\n<li><strong>Aplica\u00e7\u00e3o t\u00e9cnica<\/strong>: optimiza o design para fotografia de produtos, utilizando software como o Adobe Photoshop para simular renderiza\u00e7\u00f5es em 3D e avaliar a visibilidade em miniaturas.<\/li>\n<\/ul>\n\n<h4 class=\"wp-block-heading\" id=\"h-5-cumplimiento-normativo\">5. Cumprimento da regulamenta\u00e7\u00e3o<\/h4>\n\n<p>As embalagens de cosm\u00e9ticos devem cumprir os regulamentos locais e internacionais, como os regulamentos da FDA (EUA) ou o Regulamento da UE 1223\/2009, que exigem que os ingredientes, as advert\u00eancias e as datas de validade sejam claramente indicados.<\/p>\n\n<ul class=\"wp-block-list\">\n<li><strong>Aplica\u00e7\u00e3o t\u00e9cnica<\/strong>: Implementa um processo de revis\u00e3o jur\u00eddica para garantir que a conce\u00e7\u00e3o cumpre todos os requisitos, utilizando ferramentas de gest\u00e3o de projectos como a Asana para coordenar com as equipas regulamentares.<\/li>\n<\/ul>\n\n<h2 class=\"wp-block-heading\" id=\"h-tendencias-emergentes-en-el-diseno-de-packaging-para-cosmeticos\">Tend\u00eancias emergentes no design de embalagens de cosm\u00e9ticos<\/h2>\n\n<p>O design de embalagens em 2026 \u00e9 influenciado por avan\u00e7os tecnol\u00f3gicos, mudan\u00e7as no comportamento dos consumidores e prioridades \u00e9ticas. As principais tend\u00eancias incluem: <\/p>\n\n<h3 class=\"wp-block-heading\" id=\"h-1-minimalismo-y-elegancia\">1. minimalismo e eleg\u00e2ncia<\/h3>\n\n<p>Os designs minimalistas, com linhas simples, cores neutras e tipografia moderna, est\u00e3o a ganhar popularidade, especialmente entre as marcas destinadas a consumidores jovens. Esta abordagem real\u00e7a a qualidade do produto e transmite sofistica\u00e7\u00e3o. <\/p>\n\n<ul class=\"wp-block-list\">\n<li><strong>Implementa\u00e7\u00e3o estrat\u00e9gica<\/strong>: Utiliza paletas monocrom\u00e1ticas e espa\u00e7os negativos para criar um design limpo, optimizando a legibilidade nas plataformas digitais.<\/li>\n<\/ul>\n\n<h3 class=\"wp-block-heading\" id=\"h-2-packaging-inteligente\">2. Embalagem inteligente<\/h3>\n\n<p>A integra\u00e7\u00e3o de tecnologias como os c\u00f3digos QR, NFC (Near Field Communication) ou etiquetas inteligentes permite experi\u00eancias interactivas, como tutoriais sobre o modo de utiliza\u00e7\u00e3o ou informa\u00e7\u00f5es sobre a origem dos ingredientes.<\/p>\n\n<ul class=\"wp-block-list\">\n<li><strong>Implementa\u00e7\u00e3o estrat\u00e9gica<\/strong>: Incorpora c\u00f3digos QR que conduzam a conte\u00fados exclusivos, como v\u00eddeos de aplica\u00e7\u00e3o de produtos, e mede o seu impacto atrav\u00e9s de m\u00e9tricas de leitura.<\/li>\n<\/ul>\n\n<h3 class=\"wp-block-heading\" id=\"h-3-materiales-sostenibles-e-innovadores\">3. materiais sustent\u00e1veis e inovadores<\/h3>\n\n<p>Los consumidores demandan envases que <a href=\"https:\/\/inprofit.eu\/tendencias-marketing\/marketing-alimentario-o-food-marketing\/\" target=\"_blank\" rel=\"noreferrer noopener\">reduzcan el impacto ambiental<\/a>. Materiales como el micelio (derivado de hongos), el pl\u00e1stico reciclado post-consumo (PCR) y los envases recargables est\u00e1n transformando el sector.<\/p>\n\n<ul class=\"wp-block-list\">\n<li><strong>Implementa\u00e7\u00e3o estrat\u00e9gica<\/strong>: Concebe sistemas de recarga que permitam aos consumidores reutilizar as embalagens prim\u00e1rias, reduzindo os custos e os res\u00edduos.<\/li>\n<\/ul>\n\n<h3 class=\"wp-block-heading\" id=\"h-4-personalizacion-y-ediciones-limitadas\">4. Personaliza\u00e7\u00e3o e edi\u00e7\u00f5es limitadas<\/h3>\n\n<p>A personaliza\u00e7\u00e3o, como as embalagens gravadas com o nome ou as edi\u00e7\u00f5es limitadas com desenhos \u00fanicos, cria uma liga\u00e7\u00e3o emocional com o consumidor e promove a exclusividade.<\/p>\n\n<ul class=\"wp-block-list\">\n<li><strong>Implementa\u00e7\u00e3o estrat\u00e9gica<\/strong>: Implementar plataformas de personaliza\u00e7\u00e3o de s\u00edtios Web integradas com sistemas de impress\u00e3o digital para produzir embalagens personalizadas em grande escala.<\/li>\n<\/ul>\n\n<h3 class=\"wp-block-heading\" id=\"h-5-experiencia-sensorial\">5. Experi\u00eancia sensorial<\/h3>\n\n<p>El <a href=\"https:\/\/inprofit.eu\/branding\/packaging-emocional\/\" target=\"_blank\" rel=\"noreferrer noopener\">packaging que apela a los sentidos (tacto, vista, olfato)<\/a> mejora la percepci\u00f3n del producto. Por ejemplo, acabados mate suaves o texturas en relieve pueden diferenciar una marca.<\/p>\n\n<ul class=\"wp-block-list\">\n<li><strong>Implementa\u00e7\u00e3o estrat\u00e9gica<\/strong>: Utiliza t\u00e9cnicas de impress\u00e3o como a estampagem a quente ou o relevo para adicionar texturas t\u00e1cteis, avaliando o seu impacto atrav\u00e9s de grupos de discuss\u00e3o.<\/li>\n<\/ul>\n\n<h2 class=\"wp-block-heading\" id=\"h-generacion-de-valor-empresarial-a-traves-del-diseno\">Gerar valor comercial atrav\u00e9s do design<\/h2>\n\n<p>O design da embalagem n\u00e3o \u00e9 apenas uma quest\u00e3o est\u00e9tica; \u00e9 uma ferramenta estrat\u00e9gica que gera valor comercial em v\u00e1rias dimens\u00f5es. A seguir, explora como a embalagem contribui para o crescimento, a diferencia\u00e7\u00e3o e a sustentabilidade das empresas de cosm\u00e9ticos: <\/p>\n\n<h3 class=\"wp-block-heading\" id=\"h-1-incremento-de-las-ventas-y-conversion\">1. aumentar as vendas e a convers\u00e3o<\/h3>\n\n<p>Uma embalagem atractiva pode aumentar as taxas de convers\u00e3o em at\u00e9 30%, de acordo com um estudo da Packaging Digest. Em ambientes digitais, um design optimizado para o com\u00e9rcio eletr\u00f3nico, com imagens de alta qualidade e descri\u00e7\u00f5es claras, reduz a fric\u00e7\u00e3o no processo de compra. <\/p>\n\n<ul class=\"wp-block-list\">\n<li><strong>Estudo de caso<\/strong>: Uma marca de cosm\u00e9ticos naturais redesenhou a sua embalagem com cores vibrantes e um design minimalista, conseguindo um aumento de 18% nas convers\u00f5es na sua loja online.<\/li>\n<\/ul>\n\n<h3 class=\"wp-block-heading\" id=\"h-2-diferenciacion-competitiva\">2. Diferencia\u00e7\u00e3o competitiva<\/h3>\n\n<p>Num mercado com milhares de produtos semelhantes, a embalagem \u00e9 um fator diferenciador fundamental. Um design \u00fanico pode posicionar uma marca como l\u00edder no seu segmento, especialmente se estiver alinhado com as tend\u00eancias de consumo, como a sustentabilidade ou a personaliza\u00e7\u00e3o. <\/p>\n\n<ul class=\"wp-block-list\">\n<li><strong>Estudo de caso<\/strong>: Uma marca de luxo lan\u00e7ou uma linha de embalagens recarreg\u00e1veis com acabamentos met\u00e1licos, o que lhe permitiu diferenciar-se da concorr\u00eancia e aumentar a sua quota de mercado em 12%.<\/li>\n<\/ul>\n\n<h3 class=\"wp-block-heading\" id=\"h-3-fidelizacion-y-experiencia-del-cliente\">3. Fidelidade do cliente e experi\u00eancia do cliente<\/h3>\n\n<p>Un packaging memorable<a href=\"https:\/\/inprofit.eu\/360-marketing\/diseno-de-packaging-estrategia-de-marketing\/\" target=\"_blank\" rel=\"noreferrer noopener\"> crea una experiencia de unboxing que fomenta la lealtad<\/a>. Las marcas que invierten en envases reutilizables o personalizados generan una conexi\u00f3n emocional con los consumidores, aumentando la probabilidad de recompra.<\/p>\n\n<ul class=\"wp-block-list\">\n<li><strong>Estudo de caso<\/strong>: Uma empresa de cosm\u00e9ticos implementou um programa de devolu\u00e7\u00e3o de embalagens com incentivos (descontos para reciclagem), reduzindo a taxa de abandono em 10% e aumentando a reten\u00e7\u00e3o em 15%.<\/li>\n<\/ul>\n\n<h3 class=\"wp-block-heading\" id=\"h-4-reduccion-de-costes-a-largo-plazo\">4. Redu\u00e7\u00e3o de custos a longo prazo<\/h3>\n\n<p>A utiliza\u00e7\u00e3o de materiais sustent\u00e1veis e de sistemas recarreg\u00e1veis pode reduzir os custos de produ\u00e7\u00e3o e de log\u00edstica a longo prazo. Por exemplo, as embalagens reutiliz\u00e1veis reduzem a necessidade de produzir novas embalagens, enquanto os materiais leves reduzem os custos de transporte. <\/p>\n\n<ul class=\"wp-block-list\">\n<li><strong>Estudo de caso<\/strong>: Uma marca de produtos para o cabelo adoptou embalagens de biopl\u00e1stico 20% mais leves, reduzindo os custos de transporte em 8% e melhorando a sua pegada de carbono.<\/li>\n<\/ul>\n\n<h3 class=\"wp-block-heading\" id=\"h-5-cumplimiento-de-expectativas-del-consumidor\">5. Satisfazer as expectativas dos consumidores<\/h3>\n\n<p>Os consumidores modernos valorizam a transpar\u00eancia, a sustentabilidade e a funcionalidade. As embalagens que reflectem estes valores, como as embalagens recicl\u00e1veis ou os r\u00f3tulos transparentes, aumentam a confian\u00e7a na marca. <\/p>\n\n<ul class=\"wp-block-list\">\n<li><strong>Estudo de caso<\/strong>: Uma marca de maquilhagem incluiu r\u00f3tulos detalhados sobre a origem dos ingredientes, o que resultou num aumento de 14% das cr\u00edticas positivas nas redes sociais.<\/li>\n<\/ul>\n\n<h3 class=\"wp-block-heading\" id=\"h-6-adaptacion-a-mercados-globales\">6. Adapta\u00e7\u00e3o aos mercados mundiais<\/h3>\n\n<p>A embalagem deve adaptar-se \u00e0s prefer\u00eancias culturais e regulamentares dos diferentes mercados. Por exemplo, os consumidores asi\u00e1ticos tendem a preferir embalagens compactas e port\u00e1teis, enquanto os consumidores europeus valorizam a sustentabilidade. <\/p>\n\n<ul class=\"wp-block-list\">\n<li><strong>Estudo de caso<\/strong>: Uma marca global redesenhou a sua embalagem para o mercado asi\u00e1tico com formatos mais pequenos e cores vibrantes, aumentando as vendas na regi\u00e3o em 20%.<\/li>\n<\/ul>\n\n<h3 class=\"wp-block-heading\" id=\"h-7-innovacion-como-ventaja-competitiva\">7. A inova\u00e7\u00e3o como vantagem competitiva<\/h3>\n\n<p>A utiliza\u00e7\u00e3o de tecnologias como as embalagens inteligentes ou materiais inovadores posiciona as marcas como pioneiras no sector. Isto n\u00e3o s\u00f3 atrai os primeiros utilizadores, como tamb\u00e9m gera cobertura medi\u00e1tica e viraliza\u00e7\u00e3o nas redes sociais. <\/p>\n\n<ul class=\"wp-block-list\">\n<li><strong>Estudo de caso<\/strong>: Uma marca de produtos para a pele incorporou c\u00f3digos QR nas suas embalagens que conduzem a tutoriais interactivos, conseguindo um aumento de 25% no tr\u00e1fego da Web e um aumento de 10% nas vendas.<\/li>\n<\/ul>\n\n<h2 class=\"wp-block-heading\" id=\"h-metodologias-para-disenar-empaquetado-efectivo-con-neurociencia\">Metodologias para conceber embalagens eficazes com base na neuroci\u00eancia<\/h2>\n\n<p>Realiza estudos de mercado para compreender as prefer\u00eancias dos consumidores, as tend\u00eancias do sector e as estrat\u00e9gias da concorr\u00eancia. Ferramentas como inqu\u00e9ritos, grupos de discuss\u00e3o e an\u00e1lise de sentimentos nas redes sociais fornecem dados valiosos. <\/p>\n\n<p>Crear prototipos f\u00edsicos y digitales (usando software como Adobe Dimension o Blender) para <a href=\"https:\/\/inprofit.eu\/branding\/packaging-marketing-la-importancia-del-diseno-creativo\/\" target=\"_blank\" rel=\"noreferrer noopener\">evaluar la funcionalidad y el impacto visual<\/a>. Las pruebas de usabilidad y las simulaciones en 3D ayudan a identificar problemas antes de la producci\u00f3n.<\/p>\n\n<p>Avalia o impacto ambiental da embalagem atrav\u00e9s de uma ACV, considerando tudo, desde a extra\u00e7\u00e3o do material at\u00e9 \u00e0 elimina\u00e7\u00e3o final. Desta forma, garante que o design \u00e9 sustent\u00e1vel e satisfaz as expectativas dos consumidores. <\/p>\n\n<p>Envolve as equipas de marketing, design, log\u00edstica e conformidade para garantir que a embalagem cumpre todos os requisitos. Ferramentas como o Trello ou o Monday.com facilitam a coordena\u00e7\u00e3o. <\/p>\n\n<p>Utiliza m\u00e9tricas como as taxas de convers\u00e3o, a reten\u00e7\u00e3o de clientes e o feedback dos meios de comunica\u00e7\u00e3o social para repetir e melhorar continuamente os designs das embalagens.<\/p>\n\n<h2 class=\"wp-block-heading\" id=\"h-branding-en-el-packaging\">Marca na embalagem<\/h2>\n\n<p>El <a href=\"https:\/\/inprofit.eu\/agencia-de-branding\/diseno-packaging\/\">dise\u00f1o de packaging<\/a> para productos de cosm\u00e9tica es una herramienta estrat\u00e9gica que combina est\u00e9tica, funcionalidad y sostenibilidad para impulsar el valor empresarial. Las tendencias como el minimalismo, el packaging inteligente y los materiales sostenibles est\u00e1n redefiniendo la industria, mientras que un enfoque basado en datos permite a las marcas alinear sus dise\u00f1os con las expectativas del consumidor y los objetivos de negocio.<\/p>\n\n<p>Desde o aumento das vendas at\u00e9 \u00e0 fideliza\u00e7\u00e3o dos clientes e \u00e0 redu\u00e7\u00e3o dos custos, uma embalagem bem concebida \u00e9 um trunfo fundamental para o sucesso no mercado dos cosm\u00e9ticos.<\/p>\n\n<p>Para as empresas e os departamentos especializados, a chave \u00e9 integrar a investiga\u00e7\u00e3o, a inova\u00e7\u00e3o e a execu\u00e7\u00e3o \u00e1gil para criar embalagens que n\u00e3o s\u00f3 protejam o produto, mas tamb\u00e9m reforcem a marca e criem um impacto duradouro.<\/p>\n","protected":false},"excerpt":{"rendered":"<p>Na ind\u00fastria dos cosm\u00e9ticos, onde a concorr\u00eancia \u00e9 feroz e as primeiras impress\u00f5es s\u00e3o cruciais, o design da embalagem tornou-se um elemento estrat\u00e9gico para captar a aten\u00e7\u00e3o do consumidor, comunicar os valores da marca e diferenciar-se num mercado saturado.<\/p>\n","protected":false},"author":1,"featured_media":15482,"comment_status":"open","ping_status":"open","sticky":false,"template":"","format":"standard","meta":{"footnotes":""},"categories":[525],"tags":[528,527,526],"class_list":["post-15496","post","type-post","status-publish","format-standard","has-post-thumbnail","hentry","category-marca","tag-design-de-embalagens","tag-embalagem-emocional","tag-marca"],"yoast_head":"<!-- This site is optimized with the Yoast SEO Premium plugin v27.4 (Yoast SEO v27.4) - https:\/\/yoast.com\/product\/yoast-seo-premium-wordpress\/ -->\n<title>Conce\u00e7\u00e3o de embalagens para produtos cosm\u00e9ticos - Inprofit<\/title>\n<meta name=\"description\" content=\"Descobre o impacto do design das embalagens de cosm\u00e9ticos e a experi\u00eancia neurosensorial do cliente.\" \/>\n<meta name=\"robots\" content=\"index, follow, max-snippet:-1, max-image-preview:large, max-video-preview:-1\" \/>\n<link rel=\"canonical\" href=\"https:\/\/inprofit.eu\/pt-pt\/marca\/concecao-de-embalagens-para-produtos-cosmeticos\/\" \/>\n<meta property=\"og:locale\" content=\"pt_PT\" \/>\n<meta property=\"og:type\" content=\"article\" \/>\n<meta property=\"og:title\" content=\"Conce\u00e7\u00e3o de embalagens para produtos cosm\u00e9ticos\" \/>\n<meta property=\"og:description\" content=\"Descobre o impacto do design das embalagens de cosm\u00e9ticos e a experi\u00eancia neurosensorial do cliente.\" \/>\n<meta property=\"og:url\" content=\"https:\/\/inprofit.eu\/pt-pt\/marca\/concecao-de-embalagens-para-produtos-cosmeticos\/\" \/>\n<meta property=\"og:site_name\" content=\"Inprofit\" \/>\n<meta property=\"article:publisher\" content=\"https:\/\/www.facebook.com\/Inprofit1\/\" \/>\n<meta property=\"article:published_time\" content=\"2025-07-30T07:54:00+00:00\" \/>\n<meta property=\"article:modified_time\" content=\"2025-12-19T11:48:54+00:00\" \/>\n<meta property=\"og:image\" content=\"https:\/\/inprofit.eu\/wp-content\/uploads\/2025\/07\/Diseno-packaging-productos-cosmetica.webp\" \/>\n\t<meta property=\"og:image:width\" content=\"1200\" \/>\n\t<meta property=\"og:image:height\" content=\"1200\" \/>\n\t<meta property=\"og:image:type\" content=\"image\/webp\" \/>\n<meta name=\"author\" content=\"Jorge Anduix\" \/>\n<meta name=\"twitter:card\" content=\"summary_large_image\" \/>\n<meta name=\"twitter:label1\" content=\"Escrito por\" \/>\n\t<meta name=\"twitter:data1\" content=\"Jorge Anduix\" \/>\n\t<meta name=\"twitter:label2\" content=\"Tempo estimado de leitura\" \/>\n\t<meta name=\"twitter:data2\" content=\"10 minutos\" \/>\n<script type=\"application\/ld+json\" class=\"yoast-schema-graph\">{\"@context\":\"https:\\\/\\\/schema.org\",\"@graph\":[{\"@type\":\"Article\",\"@id\":\"https:\\\/\\\/inprofit.eu\\\/pt-pt\\\/marca\\\/concecao-de-embalagens-para-produtos-cosmeticos\\\/#article\",\"isPartOf\":{\"@id\":\"https:\\\/\\\/inprofit.eu\\\/pt-pt\\\/marca\\\/concecao-de-embalagens-para-produtos-cosmeticos\\\/\"},\"author\":{\"name\":\"Jorge Anduix\",\"@id\":\"https:\\\/\\\/inprofit.eu\\\/pt-pt\\\/#\\\/schema\\\/person\\\/3a9f88a467d65130e9cc13df4f127205\"},\"headline\":\"Conce\u00e7\u00e3o de embalagens para produtos cosm\u00e9ticos\",\"datePublished\":\"2025-07-30T07:54:00+00:00\",\"dateModified\":\"2025-12-19T11:48:54+00:00\",\"mainEntityOfPage\":{\"@id\":\"https:\\\/\\\/inprofit.eu\\\/pt-pt\\\/marca\\\/concecao-de-embalagens-para-produtos-cosmeticos\\\/\"},\"wordCount\":1983,\"commentCount\":0,\"publisher\":{\"@id\":\"https:\\\/\\\/inprofit.eu\\\/pt-pt\\\/#organization\"},\"image\":{\"@id\":\"https:\\\/\\\/inprofit.eu\\\/pt-pt\\\/marca\\\/concecao-de-embalagens-para-produtos-cosmeticos\\\/#primaryimage\"},\"thumbnailUrl\":\"https:\\\/\\\/inprofit.eu\\\/wp-content\\\/uploads\\\/2025\\\/07\\\/Diseno-packaging-productos-cosmetica.webp\",\"keywords\":[\"Design de embalagens\",\"Embalagem emocional\",\"Marca\"],\"articleSection\":[\"Marca\"],\"inLanguage\":\"pt-PT\",\"potentialAction\":[{\"@type\":\"CommentAction\",\"name\":\"Comment\",\"target\":[\"https:\\\/\\\/inprofit.eu\\\/pt-pt\\\/marca\\\/concecao-de-embalagens-para-produtos-cosmeticos\\\/#respond\"]}]},{\"@type\":\"WebPage\",\"@id\":\"https:\\\/\\\/inprofit.eu\\\/pt-pt\\\/marca\\\/concecao-de-embalagens-para-produtos-cosmeticos\\\/\",\"url\":\"https:\\\/\\\/inprofit.eu\\\/pt-pt\\\/marca\\\/concecao-de-embalagens-para-produtos-cosmeticos\\\/\",\"name\":\"Conce\u00e7\u00e3o de embalagens para produtos cosm\u00e9ticos - Inprofit\",\"isPartOf\":{\"@id\":\"https:\\\/\\\/inprofit.eu\\\/pt-pt\\\/#website\"},\"primaryImageOfPage\":{\"@id\":\"https:\\\/\\\/inprofit.eu\\\/pt-pt\\\/marca\\\/concecao-de-embalagens-para-produtos-cosmeticos\\\/#primaryimage\"},\"image\":{\"@id\":\"https:\\\/\\\/inprofit.eu\\\/pt-pt\\\/marca\\\/concecao-de-embalagens-para-produtos-cosmeticos\\\/#primaryimage\"},\"thumbnailUrl\":\"https:\\\/\\\/inprofit.eu\\\/wp-content\\\/uploads\\\/2025\\\/07\\\/Diseno-packaging-productos-cosmetica.webp\",\"datePublished\":\"2025-07-30T07:54:00+00:00\",\"dateModified\":\"2025-12-19T11:48:54+00:00\",\"description\":\"Descobre o impacto do design das embalagens de cosm\u00e9ticos e a experi\u00eancia neurosensorial do cliente.\",\"breadcrumb\":{\"@id\":\"https:\\\/\\\/inprofit.eu\\\/pt-pt\\\/marca\\\/concecao-de-embalagens-para-produtos-cosmeticos\\\/#breadcrumb\"},\"inLanguage\":\"pt-PT\",\"potentialAction\":[{\"@type\":\"ReadAction\",\"target\":[\"https:\\\/\\\/inprofit.eu\\\/pt-pt\\\/marca\\\/concecao-de-embalagens-para-produtos-cosmeticos\\\/\"]}]},{\"@type\":\"ImageObject\",\"inLanguage\":\"pt-PT\",\"@id\":\"https:\\\/\\\/inprofit.eu\\\/pt-pt\\\/marca\\\/concecao-de-embalagens-para-produtos-cosmeticos\\\/#primaryimage\",\"url\":\"https:\\\/\\\/inprofit.eu\\\/wp-content\\\/uploads\\\/2025\\\/07\\\/Diseno-packaging-productos-cosmetica.webp\",\"contentUrl\":\"https:\\\/\\\/inprofit.eu\\\/wp-content\\\/uploads\\\/2025\\\/07\\\/Diseno-packaging-productos-cosmetica.webp\",\"width\":1200,\"height\":1200,\"caption\":\"Packaging en cosm\u00e9tica\"},{\"@type\":\"BreadcrumbList\",\"@id\":\"https:\\\/\\\/inprofit.eu\\\/pt-pt\\\/marca\\\/concecao-de-embalagens-para-produtos-cosmeticos\\\/#breadcrumb\",\"itemListElement\":[{\"@type\":\"ListItem\",\"position\":1,\"name\":\"Persiana\",\"item\":\"https:\\\/\\\/inprofit.eu\\\/pt-pt\\\/casa\\\/\"},{\"@type\":\"ListItem\",\"position\":2,\"name\":\"Conce\u00e7\u00e3o de embalagens para produtos cosm\u00e9ticos\"}]},{\"@type\":\"WebSite\",\"@id\":\"https:\\\/\\\/inprofit.eu\\\/pt-pt\\\/#website\",\"url\":\"https:\\\/\\\/inprofit.eu\\\/pt-pt\\\/\",\"name\":\"Inprofit\",\"description\":\"Ag\u00eancia de marketing e tecnologia\",\"publisher\":{\"@id\":\"https:\\\/\\\/inprofit.eu\\\/pt-pt\\\/#organization\"},\"alternateName\":\"Inprofit\",\"potentialAction\":[{\"@type\":\"SearchAction\",\"target\":{\"@type\":\"EntryPoint\",\"urlTemplate\":\"https:\\\/\\\/inprofit.eu\\\/pt-pt\\\/?s={search_term_string}\"},\"query-input\":{\"@type\":\"PropertyValueSpecification\",\"valueRequired\":true,\"valueName\":\"search_term_string\"}}],\"inLanguage\":\"pt-PT\"},{\"@type\":\"Organization\",\"@id\":\"https:\\\/\\\/inprofit.eu\\\/pt-pt\\\/#organization\",\"name\":\"Inprofit\",\"alternateName\":\"Inprofit\",\"url\":\"https:\\\/\\\/inprofit.eu\\\/pt-pt\\\/\",\"logo\":{\"@type\":\"ImageObject\",\"inLanguage\":\"pt-PT\",\"@id\":\"https:\\\/\\\/inprofit.eu\\\/pt-pt\\\/#\\\/schema\\\/logo\\\/image\\\/\",\"url\":\"https:\\\/\\\/inprofit.eu\\\/wp-content\\\/uploads\\\/2024\\\/12\\\/Inprofit-agencia-360.webp\",\"contentUrl\":\"https:\\\/\\\/inprofit.eu\\\/wp-content\\\/uploads\\\/2024\\\/12\\\/Inprofit-agencia-360.webp\",\"width\":1080,\"height\":1080,\"caption\":\"Inprofit\"},\"image\":{\"@id\":\"https:\\\/\\\/inprofit.eu\\\/pt-pt\\\/#\\\/schema\\\/logo\\\/image\\\/\"},\"sameAs\":[\"https:\\\/\\\/www.facebook.com\\\/Inprofit1\\\/\",\"https:\\\/\\\/es.linkedin.com\\\/company\\\/inprofit\",\"https:\\\/\\\/www.tiktok.com\\\/@inprofit.1\",\"https:\\\/\\\/www.instagram.com\\\/inprofit.1\\\/\"],\"description\":\"Ag\u00eancia de marketing, estrat\u00e9gia e transforma\u00e7\u00e3o digital para empresas e PMEs. Impulsionamos o teu crescimento com solu\u00e7\u00f5es personalizadas, integrando inova\u00e7\u00e3o, criatividade e tecnologia para maximizar o teu impacto no mundo digital e f\u00edsico. \",\"email\":\"info@inprofit.eu\",\"telephone\":\"+34965594272\",\"legalName\":\"Inprofit Consulting SL\",\"foundingDate\":\"2018-10-18\",\"vatID\":\"B42605055\",\"taxID\":\"B42605055\",\"numberOfEmployees\":{\"@type\":\"QuantitativeValue\",\"minValue\":\"11\",\"maxValue\":\"50\"}},{\"@type\":\"Person\",\"@id\":\"https:\\\/\\\/inprofit.eu\\\/pt-pt\\\/#\\\/schema\\\/person\\\/3a9f88a467d65130e9cc13df4f127205\",\"name\":\"Jorge Anduix\",\"pronouns\":\"\u00e9l\\\/lo\",\"image\":{\"@type\":\"ImageObject\",\"inLanguage\":\"pt-PT\",\"@id\":\"https:\\\/\\\/inprofit.eu\\\/wp-content\\\/litespeed\\\/avatar\\\/5386fe4675b1724a09f266983724e528.jpg?ver=1777443660\",\"url\":\"https:\\\/\\\/inprofit.eu\\\/wp-content\\\/litespeed\\\/avatar\\\/5386fe4675b1724a09f266983724e528.jpg?ver=1777443660\",\"contentUrl\":\"https:\\\/\\\/inprofit.eu\\\/wp-content\\\/litespeed\\\/avatar\\\/5386fe4675b1724a09f266983724e528.jpg?ver=1777443660\",\"caption\":\"Jorge Anduix\"},\"description\":\"Marketing tecnol\u00f3gico en vena. Fan\u00e1tico de las tecnolog\u00edas Martech que rompen moldes: IA generativa, blockchain, no-code, metaverso, automatizaci\u00f3n extrema... Convencido de que el futuro no se espera, se construye (y se vende muy bien). Responsable del marketing m\u00e1s disruptivo y tecnol\u00f3gico.\",\"sameAs\":[\"http:\\\/\\\/inprofit.eu\",\"https:\\\/\\\/www.linkedin.com\\\/in\\\/jorge-anduix-fuentes-marketing\\\/\"],\"birthDate\":\"1993-07-23\",\"gender\":\"Hombre\",\"award\":[\"Programa emprendedores Banco Santander - 2016\",\"Recomendaci\u00f3n proyectos estrategia PwC - 2017\"],\"knowsAbout\":[\"html\",\"web\",\"make\",\"marketing digital\",\"seo\",\"geo\",\"paid media\",\"estrategia\",\"ventas online\"],\"knowsLanguage\":[\"espa\u00f1ol\",\"ingl\u00e9s\"],\"jobTitle\":\"Business Manager\",\"worksFor\":\"Inprofit Consulting S.L.\",\"url\":\"https:\\\/\\\/inprofit.eu\\\/pt-pt\\\/author\\\/admin\\\/\"}]}<\/script>\n<!-- \/ Yoast SEO Premium plugin. -->","yoast_head_json":{"title":"Conce\u00e7\u00e3o de embalagens para produtos cosm\u00e9ticos - Inprofit","description":"Descobre o impacto do design das embalagens de cosm\u00e9ticos e a experi\u00eancia neurosensorial do cliente.","robots":{"index":"index","follow":"follow","max-snippet":"max-snippet:-1","max-image-preview":"max-image-preview:large","max-video-preview":"max-video-preview:-1"},"canonical":"https:\/\/inprofit.eu\/pt-pt\/marca\/concecao-de-embalagens-para-produtos-cosmeticos\/","og_locale":"pt_PT","og_type":"article","og_title":"Conce\u00e7\u00e3o de embalagens para produtos cosm\u00e9ticos","og_description":"Descobre o impacto do design das embalagens de cosm\u00e9ticos e a experi\u00eancia neurosensorial do cliente.","og_url":"https:\/\/inprofit.eu\/pt-pt\/marca\/concecao-de-embalagens-para-produtos-cosmeticos\/","og_site_name":"Inprofit","article_publisher":"https:\/\/www.facebook.com\/Inprofit1\/","article_published_time":"2025-07-30T07:54:00+00:00","article_modified_time":"2025-12-19T11:48:54+00:00","og_image":[{"width":1200,"height":1200,"url":"https:\/\/inprofit.eu\/wp-content\/uploads\/2025\/07\/Diseno-packaging-productos-cosmetica.webp","type":"image\/webp"}],"author":"Jorge Anduix","twitter_card":"summary_large_image","twitter_misc":{"Escrito por":"Jorge Anduix","Tempo estimado de leitura":"10 minutos"},"schema":{"@context":"https:\/\/schema.org","@graph":[{"@type":"Article","@id":"https:\/\/inprofit.eu\/pt-pt\/marca\/concecao-de-embalagens-para-produtos-cosmeticos\/#article","isPartOf":{"@id":"https:\/\/inprofit.eu\/pt-pt\/marca\/concecao-de-embalagens-para-produtos-cosmeticos\/"},"author":{"name":"Jorge Anduix","@id":"https:\/\/inprofit.eu\/pt-pt\/#\/schema\/person\/3a9f88a467d65130e9cc13df4f127205"},"headline":"Conce\u00e7\u00e3o de embalagens para produtos cosm\u00e9ticos","datePublished":"2025-07-30T07:54:00+00:00","dateModified":"2025-12-19T11:48:54+00:00","mainEntityOfPage":{"@id":"https:\/\/inprofit.eu\/pt-pt\/marca\/concecao-de-embalagens-para-produtos-cosmeticos\/"},"wordCount":1983,"commentCount":0,"publisher":{"@id":"https:\/\/inprofit.eu\/pt-pt\/#organization"},"image":{"@id":"https:\/\/inprofit.eu\/pt-pt\/marca\/concecao-de-embalagens-para-produtos-cosmeticos\/#primaryimage"},"thumbnailUrl":"https:\/\/inprofit.eu\/wp-content\/uploads\/2025\/07\/Diseno-packaging-productos-cosmetica.webp","keywords":["Design de embalagens","Embalagem emocional","Marca"],"articleSection":["Marca"],"inLanguage":"pt-PT","potentialAction":[{"@type":"CommentAction","name":"Comment","target":["https:\/\/inprofit.eu\/pt-pt\/marca\/concecao-de-embalagens-para-produtos-cosmeticos\/#respond"]}]},{"@type":"WebPage","@id":"https:\/\/inprofit.eu\/pt-pt\/marca\/concecao-de-embalagens-para-produtos-cosmeticos\/","url":"https:\/\/inprofit.eu\/pt-pt\/marca\/concecao-de-embalagens-para-produtos-cosmeticos\/","name":"Conce\u00e7\u00e3o de embalagens para produtos cosm\u00e9ticos - Inprofit","isPartOf":{"@id":"https:\/\/inprofit.eu\/pt-pt\/#website"},"primaryImageOfPage":{"@id":"https:\/\/inprofit.eu\/pt-pt\/marca\/concecao-de-embalagens-para-produtos-cosmeticos\/#primaryimage"},"image":{"@id":"https:\/\/inprofit.eu\/pt-pt\/marca\/concecao-de-embalagens-para-produtos-cosmeticos\/#primaryimage"},"thumbnailUrl":"https:\/\/inprofit.eu\/wp-content\/uploads\/2025\/07\/Diseno-packaging-productos-cosmetica.webp","datePublished":"2025-07-30T07:54:00+00:00","dateModified":"2025-12-19T11:48:54+00:00","description":"Descobre o impacto do design das embalagens de cosm\u00e9ticos e a experi\u00eancia neurosensorial do cliente.","breadcrumb":{"@id":"https:\/\/inprofit.eu\/pt-pt\/marca\/concecao-de-embalagens-para-produtos-cosmeticos\/#breadcrumb"},"inLanguage":"pt-PT","potentialAction":[{"@type":"ReadAction","target":["https:\/\/inprofit.eu\/pt-pt\/marca\/concecao-de-embalagens-para-produtos-cosmeticos\/"]}]},{"@type":"ImageObject","inLanguage":"pt-PT","@id":"https:\/\/inprofit.eu\/pt-pt\/marca\/concecao-de-embalagens-para-produtos-cosmeticos\/#primaryimage","url":"https:\/\/inprofit.eu\/wp-content\/uploads\/2025\/07\/Diseno-packaging-productos-cosmetica.webp","contentUrl":"https:\/\/inprofit.eu\/wp-content\/uploads\/2025\/07\/Diseno-packaging-productos-cosmetica.webp","width":1200,"height":1200,"caption":"Packaging en cosm\u00e9tica"},{"@type":"BreadcrumbList","@id":"https:\/\/inprofit.eu\/pt-pt\/marca\/concecao-de-embalagens-para-produtos-cosmeticos\/#breadcrumb","itemListElement":[{"@type":"ListItem","position":1,"name":"Persiana","item":"https:\/\/inprofit.eu\/pt-pt\/casa\/"},{"@type":"ListItem","position":2,"name":"Conce\u00e7\u00e3o de embalagens para produtos cosm\u00e9ticos"}]},{"@type":"WebSite","@id":"https:\/\/inprofit.eu\/pt-pt\/#website","url":"https:\/\/inprofit.eu\/pt-pt\/","name":"Inprofit","description":"Ag\u00eancia de marketing e tecnologia","publisher":{"@id":"https:\/\/inprofit.eu\/pt-pt\/#organization"},"alternateName":"Inprofit","potentialAction":[{"@type":"SearchAction","target":{"@type":"EntryPoint","urlTemplate":"https:\/\/inprofit.eu\/pt-pt\/?s={search_term_string}"},"query-input":{"@type":"PropertyValueSpecification","valueRequired":true,"valueName":"search_term_string"}}],"inLanguage":"pt-PT"},{"@type":"Organization","@id":"https:\/\/inprofit.eu\/pt-pt\/#organization","name":"Inprofit","alternateName":"Inprofit","url":"https:\/\/inprofit.eu\/pt-pt\/","logo":{"@type":"ImageObject","inLanguage":"pt-PT","@id":"https:\/\/inprofit.eu\/pt-pt\/#\/schema\/logo\/image\/","url":"https:\/\/inprofit.eu\/wp-content\/uploads\/2024\/12\/Inprofit-agencia-360.webp","contentUrl":"https:\/\/inprofit.eu\/wp-content\/uploads\/2024\/12\/Inprofit-agencia-360.webp","width":1080,"height":1080,"caption":"Inprofit"},"image":{"@id":"https:\/\/inprofit.eu\/pt-pt\/#\/schema\/logo\/image\/"},"sameAs":["https:\/\/www.facebook.com\/Inprofit1\/","https:\/\/es.linkedin.com\/company\/inprofit","https:\/\/www.tiktok.com\/@inprofit.1","https:\/\/www.instagram.com\/inprofit.1\/"],"description":"Ag\u00eancia de marketing, estrat\u00e9gia e transforma\u00e7\u00e3o digital para empresas e PMEs. Impulsionamos o teu crescimento com solu\u00e7\u00f5es personalizadas, integrando inova\u00e7\u00e3o, criatividade e tecnologia para maximizar o teu impacto no mundo digital e f\u00edsico. ","email":"info@inprofit.eu","telephone":"+34965594272","legalName":"Inprofit Consulting SL","foundingDate":"2018-10-18","vatID":"B42605055","taxID":"B42605055","numberOfEmployees":{"@type":"QuantitativeValue","minValue":"11","maxValue":"50"}},{"@type":"Person","@id":"https:\/\/inprofit.eu\/pt-pt\/#\/schema\/person\/3a9f88a467d65130e9cc13df4f127205","name":"Jorge Anduix","pronouns":"\u00e9l\/lo","image":{"@type":"ImageObject","inLanguage":"pt-PT","@id":"https:\/\/inprofit.eu\/wp-content\/litespeed\/avatar\/5386fe4675b1724a09f266983724e528.jpg?ver=1777443660","url":"https:\/\/inprofit.eu\/wp-content\/litespeed\/avatar\/5386fe4675b1724a09f266983724e528.jpg?ver=1777443660","contentUrl":"https:\/\/inprofit.eu\/wp-content\/litespeed\/avatar\/5386fe4675b1724a09f266983724e528.jpg?ver=1777443660","caption":"Jorge Anduix"},"description":"Marketing tecnol\u00f3gico en vena. Fan\u00e1tico de las tecnolog\u00edas Martech que rompen moldes: IA generativa, blockchain, no-code, metaverso, automatizaci\u00f3n extrema... Convencido de que el futuro no se espera, se construye (y se vende muy bien). Responsable del marketing m\u00e1s disruptivo y tecnol\u00f3gico.","sameAs":["http:\/\/inprofit.eu","https:\/\/www.linkedin.com\/in\/jorge-anduix-fuentes-marketing\/"],"birthDate":"1993-07-23","gender":"Hombre","award":["Programa emprendedores Banco Santander - 2016","Recomendaci\u00f3n proyectos estrategia PwC - 2017"],"knowsAbout":["html","web","make","marketing digital","seo","geo","paid media","estrategia","ventas online"],"knowsLanguage":["espa\u00f1ol","ingl\u00e9s"],"jobTitle":"Business Manager","worksFor":"Inprofit Consulting S.L.","url":"https:\/\/inprofit.eu\/pt-pt\/author\/admin\/"}]}},"_links":{"self":[{"href":"https:\/\/inprofit.eu\/pt-pt\/wp-json\/wp\/v2\/posts\/15496","targetHints":{"allow":["GET"]}}],"collection":[{"href":"https:\/\/inprofit.eu\/pt-pt\/wp-json\/wp\/v2\/posts"}],"about":[{"href":"https:\/\/inprofit.eu\/pt-pt\/wp-json\/wp\/v2\/types\/post"}],"author":[{"embeddable":true,"href":"https:\/\/inprofit.eu\/pt-pt\/wp-json\/wp\/v2\/users\/1"}],"replies":[{"embeddable":true,"href":"https:\/\/inprofit.eu\/pt-pt\/wp-json\/wp\/v2\/comments?post=15496"}],"version-history":[{"count":1,"href":"https:\/\/inprofit.eu\/pt-pt\/wp-json\/wp\/v2\/posts\/15496\/revisions"}],"predecessor-version":[{"id":18170,"href":"https:\/\/inprofit.eu\/pt-pt\/wp-json\/wp\/v2\/posts\/15496\/revisions\/18170"}],"wp:featuredmedia":[{"embeddable":true,"href":"https:\/\/inprofit.eu\/pt-pt\/wp-json\/wp\/v2\/media\/15482"}],"wp:attachment":[{"href":"https:\/\/inprofit.eu\/pt-pt\/wp-json\/wp\/v2\/media?parent=15496"}],"wp:term":[{"taxonomy":"category","embeddable":true,"href":"https:\/\/inprofit.eu\/pt-pt\/wp-json\/wp\/v2\/categories?post=15496"},{"taxonomy":"post_tag","embeddable":true,"href":"https:\/\/inprofit.eu\/pt-pt\/wp-json\/wp\/v2\/tags?post=15496"}],"curies":[{"name":"wp","href":"https:\/\/api.w.org\/{rel}","templated":true}]}}