{"id":17881,"date":"2024-03-21T20:28:04","date_gmt":"2024-03-21T19:28:04","guid":{"rendered":"https:\/\/inprofit.eu\/sem-categoria\/11-tendencias-em-design-grafico\/"},"modified":"2025-12-19T12:49:06","modified_gmt":"2025-12-19T11:49:06","slug":"11-tendencias-em-design-grafico","status":"publish","type":"post","link":"https:\/\/inprofit.eu\/pt-pt\/marca\/11-tendencias-em-design-grafico\/","title":{"rendered":"11 tend\u00eancias em design gr\u00e1fico"},"content":{"rendered":"\n<p>Em 2023, o mundo do design gr\u00e1fico est\u00e1 a evoluir mais rapidamente do que nunca. Com a Gera\u00e7\u00e3o Z a atingir a maioridade, a pandemia a ter um impacto significativo na atividade social e comercial em todo o mundo e os modos de comunica\u00e7\u00e3o a mudar completamente, os designers gr\u00e1ficos s\u00e3o chamados a adaptar-se e a apelar a novos p\u00fablicos. Para te ajudar a preparar o ano que se avizinha no design gr\u00e1fico, eis 10 tend\u00eancias que tens de conhecer. Mas vamos come\u00e7ar pelo princ\u00edpio.   <\/p>\n\n<h2 class=\"wp-block-heading\">Design gr\u00e1fico<\/h2>\n\n<p><a href=\"https:\/\/inprofit.eu\/pt-pt\/estudo-marketing\/marca-da-empresa\/\" target=\"_blank\" rel=\"noreferrer noopener\">O design gr\u00e1fico<\/a> tem uma longa hist\u00f3ria, que remonta \u00e0 inven\u00e7\u00e3o da prensa de impress\u00e3o no s\u00e9culo XV. Ao longo do tempo, o design gr\u00e1fico evoluiu de simples impress\u00f5es bidimensionais para experi\u00eancias multim\u00e9dia complexas que incorporam elementos de arte, tecnologia e ci\u00eancia. <\/p>\n\n<p>Os designers de hoje t\u00eam de acompanhar um cen\u00e1rio em constante mudan\u00e7a e compreender como criar experi\u00eancias visuais que possam chegar a um p\u00fablico cada vez mais diversificado e digital.<\/p>\n\n<h2 class=\"wp-block-heading\">11 Tend\u00eancias de design gr\u00e1fico para 2023<\/h2>\n\n<ul class=\"wp-block-list\">\n<li>Cores e tipografia arrojadas: Cores arrojadas e brilhantes e tipos de letra grandes e apelativos podem ser utilizados para chamar a aten\u00e7\u00e3o e fazer uma declara\u00e7\u00e3o de inten\u00e7\u00f5es.<\/li>\n\n\n\n<li>Ilustra\u00e7\u00f5es desenhadas \u00e0 m\u00e3o: Com o aumento da ilustra\u00e7\u00e3o digital, a arte desenhada \u00e0 m\u00e3o est\u00e1 a regressar. D\u00e1 um toque pessoal ao design e acrescenta um elemento de humanidade que pode perder-se em imagens demasiado polidas. <\/li>\n\n\n\n<li>Experi\u00eancias imersivas: o design gr\u00e1fico est\u00e1 a tornar-se cada vez mais interativo, com a utiliza\u00e7\u00e3o da realidade virtual e da realidade aumentada para criar experi\u00eancias envolventes e imersivas para os espectadores.<\/li>\n\n\n\n<li>Designs responsivos: \u00e0 medida que cada vez mais pessoas acedem a s\u00edtios Web a partir de dispositivos m\u00f3veis, o design responsivo tornou-se uma necessidade para qualquer s\u00edtio Web ou aplica\u00e7\u00e3o. Os designers t\u00eam de criar designs que se adaptem a qualquer dispositivo ou plataforma. <\/li>\n\n\n\n<li>As cinemagrafias s\u00e3o imagens fixas com um elemento em movimento, o que lhes confere uma camada extra de dinamismo e realismo. Podem ajudar a chamar a aten\u00e7\u00e3o do espetador para os elementos importantes de um design. <\/li>\n\n\n\n<li>Anima\u00e7\u00f5es: As anima\u00e7\u00f5es tornaram-se mais sofisticadas, com anima\u00e7\u00f5es 3D e gr\u00e1ficos em movimento que oferecem uma nova forma de apresentar informa\u00e7\u00f5es.<\/li>\n\n\n\n<li>Acessibilidade: Os designers devem garantir que os seus projectos s\u00e3o acess\u00edveis a todos os utilizadores. Isto significa garantir que n\u00e3o existem barreiras para as pessoas com defici\u00eancia e outras incapacidades, como a perda de vis\u00e3o ou de audi\u00e7\u00e3o, e que os desenhos est\u00e3o adaptados a todos os tipos de dispositivos. <\/li>\n\n\n\n<li>Eco-est\u00e9tica: \u00c0 medida que a sustentabilidade se torna uma prioridade em todos os aspectos da vida, os designers est\u00e3o a incorporar elementos de materiais e cores naturais nos designs.<\/li>\n\n\n\n<li>Design assistido por IA: A intelig\u00eancia artificial \u00e9 cada vez mais utilizada para automatizar determinadas tarefas de design, como a correspond\u00eancia de cores ou a sele\u00e7\u00e3o de tipos de letra. Isto pode poupar tempo e esfor\u00e7o aos designers, ao mesmo tempo que lhes permite manter o controlo criativo sobre o processo de design. <\/li>\n\n\n\n<li>Glasmorfismo: Esta \u00e9 uma tend\u00eancia de design relativamente nova, inspirada na natureza transparente e reflectora do vidro. Utiliza formas sobrepostas com arestas esbatidas para criar um efeito 3D. <\/li>\n\n\n\n<li>Estilo retro e colagens: Com o ressurgimento da nostalgia, os designers procuram inspira\u00e7\u00e3o no passado e criam designs que prestam homenagem aos estilos cl\u00e1ssicos. As colagens tamb\u00e9m se tornaram novamente populares como uma forma eficaz de combinar elementos de diferentes fontes. <\/li>\n<\/ul>\n\n<h3 class=\"wp-block-heading\">PANTONE 2023<\/h3>\n\n<p>A Pantone \u00e9 a maior autoridade mundial em mat\u00e9ria de cores. Todos os anos anuncia uma &#8220;Cor do Ano&#8221;, que serve de guia de tend\u00eancias para o ano. Em 2023, a PANTONE selecionou a cor &#8220;Viva Magenta&#8221;. \u00c9 um tom brilhante e vibrante que simboliza a ousadia, a paix\u00e3o e a beleza. Este ano, esta cor ser\u00e1 uma sensa\u00e7\u00e3o em qualquer design.    <\/p>\n\n<p>Leatrice Eiseman, Diretora Executiva do Pantone Color Institute define-a como: &#8220;\u00c9 uma tonalidade enraizada na natureza que descende da fam\u00edlia do vermelho e expressa uma nova demonstra\u00e7\u00e3o de for\u00e7a. Viva Magenta transmite coragem e ousadia e \u00e9 uma cor pulsante cuja exuber\u00e2ncia promove uma celebra\u00e7\u00e3o alegre e otimista, esculpindo uma nova narrativa. <\/p>\n\n<p>A Cor do Ano deste ano \u00e9 revigorante e poderosa. \u00c9 um novo vermelho vivo que se deleita com a alegria pura, encoraja a experimenta\u00e7\u00e3o e a auto-express\u00e3o sem restri\u00e7\u00f5es, uma tonalidade eletrizante e sem limites que se manifesta como uma declara\u00e7\u00e3o de princ\u00edpios. PANTONE 18-1750 Viva Magenta d\u00e1 as boas-vindas a todos com um entusiasmo pela vida e um esp\u00edrito rebelde. \u00c9 uma cor ousada, espirituosa e inclusiva.   <\/p>\n\n<h3 class=\"wp-block-heading\">A import\u00e2ncia da tecnologia no design gr\u00e1fico<\/h3>\n\n<p>A tecnologia tem tido uma grande influ\u00eancia no design gr\u00e1fico e o panorama em constante mudan\u00e7a das ferramentas e aplica\u00e7\u00f5es digitais oferece novas formas de criar designs com significado. Desde programas de gr\u00e1ficos vectoriais a software <a href=\"https:\/\/inprofit.eu\/pt-pt\/martech-pt\/as-vantagens-de-uma-estrategia-de-realidade-virtual-e-realidade-aumentada\/\" target=\"_blank\" rel=\"noreferrer noopener\">de modela\u00e7\u00e3o 3D<\/a>, a tecnologia d\u00e1 aos designers acesso a ferramentas poderosas que podem ajud\u00e1-los a criar efeitos visuais impressionantes de forma r\u00e1pida e f\u00e1cil. Al\u00e9m disso, a disponibilidade generalizada destas ferramentas permitiu que os designers colaborassem facilmente com outros, mesmo em locais diferentes, tornando poss\u00edvel conceber de forma mais r\u00e1pida e eficiente. A tecnologia est\u00e1 a revolucionar a forma como os designers gr\u00e1ficos trabalham e a criar oportunidades para solu\u00e7\u00f5es mais criativas.   <\/p>\n\n<p>A Intelig\u00eancia Artificial, a realidade aumentada e a realidade virtual j\u00e1 fazem parte das ferramentas do design gr\u00e1fico. A IA pode ajudar a automatizar determinadas tarefas de design, enquanto a RA\/RV pode ser utilizada para criar experi\u00eancias imersivas que envolvem os espectadores de formas nunca antes poss\u00edveis. \u00c0 medida que a tecnologia continua a evoluir, o mesmo acontece com as possibilidades de express\u00e3o criativa atrav\u00e9s do design gr\u00e1fico.  <\/p>\n\n<h2 class=\"wp-block-heading\">Inprofit. Ag\u00eancia de marketing e transforma\u00e7\u00e3o digital<\/h2>\n\n<p>As tend\u00eancias de design gr\u00e1fico deste ano est\u00e3o intimamente relacionadas com as mudan\u00e7as e adapta\u00e7\u00f5es que a sociedade teve de fazer devido \u00e0 pandemia, bem como com os avan\u00e7os tecnol\u00f3gicos. As paletas de cores ser\u00e3o inspiradas na Cor do Ano da Pantone, ao mesmo tempo que incorporam elementos como o Glasmorfismo e o estilo retro. Os designers tamb\u00e9m ter\u00e3o de ser mais tecnol\u00f3gicos na sua abordagem, utilizando ferramentas poderosas como a IA, AR\/VR e outras para criar experi\u00eancias imersivas. <\/p>\n\n<p>No Inprofit, compreendemos a import\u00e2ncia de acompanhar as tend\u00eancias e sabemos que um bom design ajudar\u00e1 a destacar-te da concorr\u00eancia. A nossa equipa de profissionais experientes est\u00e1 aqui para criar <a href=\"https:\/\/inprofit.eu\/pt-pt\/consultor-de-marketing\/inovacoes-e-estrategias-de-marca-no-marketing-criativo\/\">solu\u00e7\u00f5es criativas<\/a> que certamente ir\u00e3o cativar o teu p\u00fablico. Contacta-nos hoje para saberes mais sobre os nossos servi\u00e7os de design gr\u00e1fico &#8211; obrigado por leres!   <\/p>\n","protected":false},"excerpt":{"rendered":"<p>Os designers de hoje t\u00eam de acompanhar um cen\u00e1rio em constante mudan\u00e7a e compreender como criar experi\u00eancias visuais que possam chegar a um p\u00fablico cada vez mais diversificado e digital.<\/p>\n","protected":false},"author":1,"featured_media":17882,"comment_status":"open","ping_status":"open","sticky":false,"template":"","format":"standard","meta":{"footnotes":""},"categories":[525],"tags":[526,728],"class_list":["post-17881","post","type-post","status-publish","format-standard","has-post-thumbnail","hentry","category-marca","tag-marca","tag-marketing360-pt"],"yoast_head":"<!-- This site is optimized with the Yoast SEO Premium plugin v27.4 (Yoast SEO v27.4) - https:\/\/yoast.com\/product\/yoast-seo-premium-wordpress\/ -->\n<title>11 tend\u00eancias de design gr\u00e1fico para 2023 | Inprofit<\/title>\n<meta name=\"description\" content=\"Descobre as tend\u00eancias de design gr\u00e1fico para 2023, incluindo ferramentas de IA, AR\/VR e muito mais para criar experi\u00eancias imersivas.\" \/>\n<meta name=\"robots\" content=\"index, follow, max-snippet:-1, max-image-preview:large, max-video-preview:-1\" \/>\n<link rel=\"canonical\" href=\"https:\/\/inprofit.eu\/pt-pt\/marca\/11-tendencias-em-design-grafico\/\" \/>\n<meta property=\"og:locale\" content=\"pt_PT\" \/>\n<meta property=\"og:type\" content=\"article\" \/>\n<meta property=\"og:title\" content=\"11 tend\u00eancias em design gr\u00e1fico\" \/>\n<meta property=\"og:description\" content=\"Descobre as tend\u00eancias de design gr\u00e1fico para 2023, incluindo ferramentas de IA, AR\/VR e muito mais para criar experi\u00eancias imersivas.\" \/>\n<meta property=\"og:url\" content=\"https:\/\/inprofit.eu\/pt-pt\/marca\/11-tendencias-em-design-grafico\/\" \/>\n<meta property=\"og:site_name\" content=\"Inprofit\" \/>\n<meta property=\"article:publisher\" content=\"https:\/\/www.facebook.com\/Inprofit1\/\" \/>\n<meta property=\"article:published_time\" content=\"2024-03-21T19:28:04+00:00\" \/>\n<meta property=\"article:modified_time\" content=\"2025-12-19T11:49:06+00:00\" \/>\n<meta property=\"og:image\" content=\"https:\/\/inprofit.eu\/wp-content\/uploads\/2024\/03\/11-tendencias-en-diseno-grafico.webp\" \/>\n\t<meta property=\"og:image:width\" content=\"1080\" \/>\n\t<meta property=\"og:image:height\" content=\"1080\" \/>\n\t<meta property=\"og:image:type\" content=\"image\/webp\" \/>\n<meta name=\"author\" content=\"Jorge Anduix\" \/>\n<meta name=\"twitter:card\" content=\"summary_large_image\" \/>\n<meta name=\"twitter:label1\" content=\"Escrito por\" \/>\n\t<meta name=\"twitter:data1\" content=\"Jorge Anduix\" \/>\n\t<meta name=\"twitter:label2\" content=\"Tempo estimado de leitura\" \/>\n\t<meta name=\"twitter:data2\" content=\"6 minutos\" \/>\n<script type=\"application\/ld+json\" class=\"yoast-schema-graph\">{\"@context\":\"https:\\\/\\\/schema.org\",\"@graph\":[{\"@type\":\"Article\",\"@id\":\"https:\\\/\\\/inprofit.eu\\\/pt-pt\\\/marca\\\/11-tendencias-em-design-grafico\\\/#article\",\"isPartOf\":{\"@id\":\"https:\\\/\\\/inprofit.eu\\\/pt-pt\\\/marca\\\/11-tendencias-em-design-grafico\\\/\"},\"author\":{\"name\":\"Jorge Anduix\",\"@id\":\"https:\\\/\\\/inprofit.eu\\\/pt-pt\\\/#\\\/schema\\\/person\\\/3a9f88a467d65130e9cc13df4f127205\"},\"headline\":\"11 tend\u00eancias em design gr\u00e1fico\",\"datePublished\":\"2024-03-21T19:28:04+00:00\",\"dateModified\":\"2025-12-19T11:49:06+00:00\",\"mainEntityOfPage\":{\"@id\":\"https:\\\/\\\/inprofit.eu\\\/pt-pt\\\/marca\\\/11-tendencias-em-design-grafico\\\/\"},\"wordCount\":1188,\"commentCount\":0,\"publisher\":{\"@id\":\"https:\\\/\\\/inprofit.eu\\\/pt-pt\\\/#organization\"},\"image\":{\"@id\":\"https:\\\/\\\/inprofit.eu\\\/pt-pt\\\/marca\\\/11-tendencias-em-design-grafico\\\/#primaryimage\"},\"thumbnailUrl\":\"https:\\\/\\\/inprofit.eu\\\/wp-content\\\/uploads\\\/2024\\\/03\\\/11-tendencias-en-diseno-grafico.webp\",\"keywords\":[\"Marca\",\"Marketing360\"],\"articleSection\":[\"Marca\"],\"inLanguage\":\"pt-PT\",\"potentialAction\":[{\"@type\":\"CommentAction\",\"name\":\"Comment\",\"target\":[\"https:\\\/\\\/inprofit.eu\\\/pt-pt\\\/marca\\\/11-tendencias-em-design-grafico\\\/#respond\"]}]},{\"@type\":\"WebPage\",\"@id\":\"https:\\\/\\\/inprofit.eu\\\/pt-pt\\\/marca\\\/11-tendencias-em-design-grafico\\\/\",\"url\":\"https:\\\/\\\/inprofit.eu\\\/pt-pt\\\/marca\\\/11-tendencias-em-design-grafico\\\/\",\"name\":\"11 tend\u00eancias de design gr\u00e1fico para 2023 | Inprofit\",\"isPartOf\":{\"@id\":\"https:\\\/\\\/inprofit.eu\\\/pt-pt\\\/#website\"},\"primaryImageOfPage\":{\"@id\":\"https:\\\/\\\/inprofit.eu\\\/pt-pt\\\/marca\\\/11-tendencias-em-design-grafico\\\/#primaryimage\"},\"image\":{\"@id\":\"https:\\\/\\\/inprofit.eu\\\/pt-pt\\\/marca\\\/11-tendencias-em-design-grafico\\\/#primaryimage\"},\"thumbnailUrl\":\"https:\\\/\\\/inprofit.eu\\\/wp-content\\\/uploads\\\/2024\\\/03\\\/11-tendencias-en-diseno-grafico.webp\",\"datePublished\":\"2024-03-21T19:28:04+00:00\",\"dateModified\":\"2025-12-19T11:49:06+00:00\",\"description\":\"Descobre as tend\u00eancias de design gr\u00e1fico para 2023, incluindo ferramentas de IA, AR\\\/VR e muito mais para criar experi\u00eancias imersivas.\",\"breadcrumb\":{\"@id\":\"https:\\\/\\\/inprofit.eu\\\/pt-pt\\\/marca\\\/11-tendencias-em-design-grafico\\\/#breadcrumb\"},\"inLanguage\":\"pt-PT\",\"potentialAction\":[{\"@type\":\"ReadAction\",\"target\":[\"https:\\\/\\\/inprofit.eu\\\/pt-pt\\\/marca\\\/11-tendencias-em-design-grafico\\\/\"]}]},{\"@type\":\"ImageObject\",\"inLanguage\":\"pt-PT\",\"@id\":\"https:\\\/\\\/inprofit.eu\\\/pt-pt\\\/marca\\\/11-tendencias-em-design-grafico\\\/#primaryimage\",\"url\":\"https:\\\/\\\/inprofit.eu\\\/wp-content\\\/uploads\\\/2024\\\/03\\\/11-tendencias-en-diseno-grafico.webp\",\"contentUrl\":\"https:\\\/\\\/inprofit.eu\\\/wp-content\\\/uploads\\\/2024\\\/03\\\/11-tendencias-en-diseno-grafico.webp\",\"width\":1080,\"height\":1080,\"caption\":\"Tend\u00eancias do design gr\u00e1fico\"},{\"@type\":\"BreadcrumbList\",\"@id\":\"https:\\\/\\\/inprofit.eu\\\/pt-pt\\\/marca\\\/11-tendencias-em-design-grafico\\\/#breadcrumb\",\"itemListElement\":[{\"@type\":\"ListItem\",\"position\":1,\"name\":\"Persiana\",\"item\":\"https:\\\/\\\/inprofit.eu\\\/pt-pt\\\/casa\\\/\"},{\"@type\":\"ListItem\",\"position\":2,\"name\":\"11 tend\u00eancias em design gr\u00e1fico\"}]},{\"@type\":\"WebSite\",\"@id\":\"https:\\\/\\\/inprofit.eu\\\/pt-pt\\\/#website\",\"url\":\"https:\\\/\\\/inprofit.eu\\\/pt-pt\\\/\",\"name\":\"Inprofit\",\"description\":\"Ag\u00eancia de marketing e tecnologia\",\"publisher\":{\"@id\":\"https:\\\/\\\/inprofit.eu\\\/pt-pt\\\/#organization\"},\"alternateName\":\"Inprofit\",\"potentialAction\":[{\"@type\":\"SearchAction\",\"target\":{\"@type\":\"EntryPoint\",\"urlTemplate\":\"https:\\\/\\\/inprofit.eu\\\/pt-pt\\\/?s={search_term_string}\"},\"query-input\":{\"@type\":\"PropertyValueSpecification\",\"valueRequired\":true,\"valueName\":\"search_term_string\"}}],\"inLanguage\":\"pt-PT\"},{\"@type\":\"Organization\",\"@id\":\"https:\\\/\\\/inprofit.eu\\\/pt-pt\\\/#organization\",\"name\":\"Inprofit\",\"alternateName\":\"Inprofit\",\"url\":\"https:\\\/\\\/inprofit.eu\\\/pt-pt\\\/\",\"logo\":{\"@type\":\"ImageObject\",\"inLanguage\":\"pt-PT\",\"@id\":\"https:\\\/\\\/inprofit.eu\\\/pt-pt\\\/#\\\/schema\\\/logo\\\/image\\\/\",\"url\":\"https:\\\/\\\/inprofit.eu\\\/wp-content\\\/uploads\\\/2024\\\/12\\\/Inprofit-agencia-360.webp\",\"contentUrl\":\"https:\\\/\\\/inprofit.eu\\\/wp-content\\\/uploads\\\/2024\\\/12\\\/Inprofit-agencia-360.webp\",\"width\":1080,\"height\":1080,\"caption\":\"Inprofit\"},\"image\":{\"@id\":\"https:\\\/\\\/inprofit.eu\\\/pt-pt\\\/#\\\/schema\\\/logo\\\/image\\\/\"},\"sameAs\":[\"https:\\\/\\\/www.facebook.com\\\/Inprofit1\\\/\",\"https:\\\/\\\/es.linkedin.com\\\/company\\\/inprofit\",\"https:\\\/\\\/www.tiktok.com\\\/@inprofit.1\",\"https:\\\/\\\/www.instagram.com\\\/inprofit.1\\\/\"],\"description\":\"Ag\u00eancia de marketing, estrat\u00e9gia e transforma\u00e7\u00e3o digital para empresas e PMEs. Impulsionamos o teu crescimento com solu\u00e7\u00f5es personalizadas, integrando inova\u00e7\u00e3o, criatividade e tecnologia para maximizar o teu impacto no mundo digital e f\u00edsico. \",\"email\":\"info@inprofit.eu\",\"telephone\":\"+34965594272\",\"legalName\":\"Inprofit Consulting SL\",\"foundingDate\":\"2018-10-18\",\"vatID\":\"B42605055\",\"taxID\":\"B42605055\",\"numberOfEmployees\":{\"@type\":\"QuantitativeValue\",\"minValue\":\"11\",\"maxValue\":\"50\"}},{\"@type\":\"Person\",\"@id\":\"https:\\\/\\\/inprofit.eu\\\/pt-pt\\\/#\\\/schema\\\/person\\\/3a9f88a467d65130e9cc13df4f127205\",\"name\":\"Jorge Anduix\",\"pronouns\":\"\u00e9l\\\/lo\",\"image\":{\"@type\":\"ImageObject\",\"inLanguage\":\"pt-PT\",\"@id\":\"https:\\\/\\\/inprofit.eu\\\/wp-content\\\/litespeed\\\/avatar\\\/5386fe4675b1724a09f266983724e528.jpg?ver=1777443660\",\"url\":\"https:\\\/\\\/inprofit.eu\\\/wp-content\\\/litespeed\\\/avatar\\\/5386fe4675b1724a09f266983724e528.jpg?ver=1777443660\",\"contentUrl\":\"https:\\\/\\\/inprofit.eu\\\/wp-content\\\/litespeed\\\/avatar\\\/5386fe4675b1724a09f266983724e528.jpg?ver=1777443660\",\"caption\":\"Jorge Anduix\"},\"description\":\"Marketing tecnol\u00f3gico en vena. Fan\u00e1tico de las tecnolog\u00edas Martech que rompen moldes: IA generativa, blockchain, no-code, metaverso, automatizaci\u00f3n extrema... Convencido de que el futuro no se espera, se construye (y se vende muy bien). Responsable del marketing m\u00e1s disruptivo y tecnol\u00f3gico.\",\"sameAs\":[\"http:\\\/\\\/inprofit.eu\",\"https:\\\/\\\/www.linkedin.com\\\/in\\\/jorge-anduix-fuentes-marketing\\\/\"],\"birthDate\":\"1993-07-23\",\"gender\":\"Hombre\",\"award\":[\"Programa emprendedores Banco Santander - 2016\",\"Recomendaci\u00f3n proyectos estrategia PwC - 2017\"],\"knowsAbout\":[\"html\",\"web\",\"make\",\"marketing digital\",\"seo\",\"geo\",\"paid media\",\"estrategia\",\"ventas online\"],\"knowsLanguage\":[\"espa\u00f1ol\",\"ingl\u00e9s\"],\"jobTitle\":\"Business Manager\",\"worksFor\":\"Inprofit Consulting S.L.\",\"url\":\"https:\\\/\\\/inprofit.eu\\\/pt-pt\\\/author\\\/admin\\\/\"}]}<\/script>\n<!-- \/ Yoast SEO Premium plugin. -->","yoast_head_json":{"title":"11 tend\u00eancias de design gr\u00e1fico para 2023 | Inprofit","description":"Descobre as tend\u00eancias de design gr\u00e1fico para 2023, incluindo ferramentas de IA, AR\/VR e muito mais para criar experi\u00eancias imersivas.","robots":{"index":"index","follow":"follow","max-snippet":"max-snippet:-1","max-image-preview":"max-image-preview:large","max-video-preview":"max-video-preview:-1"},"canonical":"https:\/\/inprofit.eu\/pt-pt\/marca\/11-tendencias-em-design-grafico\/","og_locale":"pt_PT","og_type":"article","og_title":"11 tend\u00eancias em design gr\u00e1fico","og_description":"Descobre as tend\u00eancias de design gr\u00e1fico para 2023, incluindo ferramentas de IA, AR\/VR e muito mais para criar experi\u00eancias imersivas.","og_url":"https:\/\/inprofit.eu\/pt-pt\/marca\/11-tendencias-em-design-grafico\/","og_site_name":"Inprofit","article_publisher":"https:\/\/www.facebook.com\/Inprofit1\/","article_published_time":"2024-03-21T19:28:04+00:00","article_modified_time":"2025-12-19T11:49:06+00:00","og_image":[{"width":1080,"height":1080,"url":"https:\/\/inprofit.eu\/wp-content\/uploads\/2024\/03\/11-tendencias-en-diseno-grafico.webp","type":"image\/webp"}],"author":"Jorge Anduix","twitter_card":"summary_large_image","twitter_misc":{"Escrito por":"Jorge Anduix","Tempo estimado de leitura":"6 minutos"},"schema":{"@context":"https:\/\/schema.org","@graph":[{"@type":"Article","@id":"https:\/\/inprofit.eu\/pt-pt\/marca\/11-tendencias-em-design-grafico\/#article","isPartOf":{"@id":"https:\/\/inprofit.eu\/pt-pt\/marca\/11-tendencias-em-design-grafico\/"},"author":{"name":"Jorge Anduix","@id":"https:\/\/inprofit.eu\/pt-pt\/#\/schema\/person\/3a9f88a467d65130e9cc13df4f127205"},"headline":"11 tend\u00eancias em design gr\u00e1fico","datePublished":"2024-03-21T19:28:04+00:00","dateModified":"2025-12-19T11:49:06+00:00","mainEntityOfPage":{"@id":"https:\/\/inprofit.eu\/pt-pt\/marca\/11-tendencias-em-design-grafico\/"},"wordCount":1188,"commentCount":0,"publisher":{"@id":"https:\/\/inprofit.eu\/pt-pt\/#organization"},"image":{"@id":"https:\/\/inprofit.eu\/pt-pt\/marca\/11-tendencias-em-design-grafico\/#primaryimage"},"thumbnailUrl":"https:\/\/inprofit.eu\/wp-content\/uploads\/2024\/03\/11-tendencias-en-diseno-grafico.webp","keywords":["Marca","Marketing360"],"articleSection":["Marca"],"inLanguage":"pt-PT","potentialAction":[{"@type":"CommentAction","name":"Comment","target":["https:\/\/inprofit.eu\/pt-pt\/marca\/11-tendencias-em-design-grafico\/#respond"]}]},{"@type":"WebPage","@id":"https:\/\/inprofit.eu\/pt-pt\/marca\/11-tendencias-em-design-grafico\/","url":"https:\/\/inprofit.eu\/pt-pt\/marca\/11-tendencias-em-design-grafico\/","name":"11 tend\u00eancias de design gr\u00e1fico para 2023 | Inprofit","isPartOf":{"@id":"https:\/\/inprofit.eu\/pt-pt\/#website"},"primaryImageOfPage":{"@id":"https:\/\/inprofit.eu\/pt-pt\/marca\/11-tendencias-em-design-grafico\/#primaryimage"},"image":{"@id":"https:\/\/inprofit.eu\/pt-pt\/marca\/11-tendencias-em-design-grafico\/#primaryimage"},"thumbnailUrl":"https:\/\/inprofit.eu\/wp-content\/uploads\/2024\/03\/11-tendencias-en-diseno-grafico.webp","datePublished":"2024-03-21T19:28:04+00:00","dateModified":"2025-12-19T11:49:06+00:00","description":"Descobre as tend\u00eancias de design gr\u00e1fico para 2023, incluindo ferramentas de IA, AR\/VR e muito mais para criar experi\u00eancias imersivas.","breadcrumb":{"@id":"https:\/\/inprofit.eu\/pt-pt\/marca\/11-tendencias-em-design-grafico\/#breadcrumb"},"inLanguage":"pt-PT","potentialAction":[{"@type":"ReadAction","target":["https:\/\/inprofit.eu\/pt-pt\/marca\/11-tendencias-em-design-grafico\/"]}]},{"@type":"ImageObject","inLanguage":"pt-PT","@id":"https:\/\/inprofit.eu\/pt-pt\/marca\/11-tendencias-em-design-grafico\/#primaryimage","url":"https:\/\/inprofit.eu\/wp-content\/uploads\/2024\/03\/11-tendencias-en-diseno-grafico.webp","contentUrl":"https:\/\/inprofit.eu\/wp-content\/uploads\/2024\/03\/11-tendencias-en-diseno-grafico.webp","width":1080,"height":1080,"caption":"Tend\u00eancias do design gr\u00e1fico"},{"@type":"BreadcrumbList","@id":"https:\/\/inprofit.eu\/pt-pt\/marca\/11-tendencias-em-design-grafico\/#breadcrumb","itemListElement":[{"@type":"ListItem","position":1,"name":"Persiana","item":"https:\/\/inprofit.eu\/pt-pt\/casa\/"},{"@type":"ListItem","position":2,"name":"11 tend\u00eancias em design gr\u00e1fico"}]},{"@type":"WebSite","@id":"https:\/\/inprofit.eu\/pt-pt\/#website","url":"https:\/\/inprofit.eu\/pt-pt\/","name":"Inprofit","description":"Ag\u00eancia de marketing e tecnologia","publisher":{"@id":"https:\/\/inprofit.eu\/pt-pt\/#organization"},"alternateName":"Inprofit","potentialAction":[{"@type":"SearchAction","target":{"@type":"EntryPoint","urlTemplate":"https:\/\/inprofit.eu\/pt-pt\/?s={search_term_string}"},"query-input":{"@type":"PropertyValueSpecification","valueRequired":true,"valueName":"search_term_string"}}],"inLanguage":"pt-PT"},{"@type":"Organization","@id":"https:\/\/inprofit.eu\/pt-pt\/#organization","name":"Inprofit","alternateName":"Inprofit","url":"https:\/\/inprofit.eu\/pt-pt\/","logo":{"@type":"ImageObject","inLanguage":"pt-PT","@id":"https:\/\/inprofit.eu\/pt-pt\/#\/schema\/logo\/image\/","url":"https:\/\/inprofit.eu\/wp-content\/uploads\/2024\/12\/Inprofit-agencia-360.webp","contentUrl":"https:\/\/inprofit.eu\/wp-content\/uploads\/2024\/12\/Inprofit-agencia-360.webp","width":1080,"height":1080,"caption":"Inprofit"},"image":{"@id":"https:\/\/inprofit.eu\/pt-pt\/#\/schema\/logo\/image\/"},"sameAs":["https:\/\/www.facebook.com\/Inprofit1\/","https:\/\/es.linkedin.com\/company\/inprofit","https:\/\/www.tiktok.com\/@inprofit.1","https:\/\/www.instagram.com\/inprofit.1\/"],"description":"Ag\u00eancia de marketing, estrat\u00e9gia e transforma\u00e7\u00e3o digital para empresas e PMEs. Impulsionamos o teu crescimento com solu\u00e7\u00f5es personalizadas, integrando inova\u00e7\u00e3o, criatividade e tecnologia para maximizar o teu impacto no mundo digital e f\u00edsico. ","email":"info@inprofit.eu","telephone":"+34965594272","legalName":"Inprofit Consulting SL","foundingDate":"2018-10-18","vatID":"B42605055","taxID":"B42605055","numberOfEmployees":{"@type":"QuantitativeValue","minValue":"11","maxValue":"50"}},{"@type":"Person","@id":"https:\/\/inprofit.eu\/pt-pt\/#\/schema\/person\/3a9f88a467d65130e9cc13df4f127205","name":"Jorge Anduix","pronouns":"\u00e9l\/lo","image":{"@type":"ImageObject","inLanguage":"pt-PT","@id":"https:\/\/inprofit.eu\/wp-content\/litespeed\/avatar\/5386fe4675b1724a09f266983724e528.jpg?ver=1777443660","url":"https:\/\/inprofit.eu\/wp-content\/litespeed\/avatar\/5386fe4675b1724a09f266983724e528.jpg?ver=1777443660","contentUrl":"https:\/\/inprofit.eu\/wp-content\/litespeed\/avatar\/5386fe4675b1724a09f266983724e528.jpg?ver=1777443660","caption":"Jorge Anduix"},"description":"Marketing tecnol\u00f3gico en vena. Fan\u00e1tico de las tecnolog\u00edas Martech que rompen moldes: IA generativa, blockchain, no-code, metaverso, automatizaci\u00f3n extrema... Convencido de que el futuro no se espera, se construye (y se vende muy bien). Responsable del marketing m\u00e1s disruptivo y tecnol\u00f3gico.","sameAs":["http:\/\/inprofit.eu","https:\/\/www.linkedin.com\/in\/jorge-anduix-fuentes-marketing\/"],"birthDate":"1993-07-23","gender":"Hombre","award":["Programa emprendedores Banco Santander - 2016","Recomendaci\u00f3n proyectos estrategia PwC - 2017"],"knowsAbout":["html","web","make","marketing digital","seo","geo","paid media","estrategia","ventas online"],"knowsLanguage":["espa\u00f1ol","ingl\u00e9s"],"jobTitle":"Business Manager","worksFor":"Inprofit Consulting S.L.","url":"https:\/\/inprofit.eu\/pt-pt\/author\/admin\/"}]}},"_links":{"self":[{"href":"https:\/\/inprofit.eu\/pt-pt\/wp-json\/wp\/v2\/posts\/17881","targetHints":{"allow":["GET"]}}],"collection":[{"href":"https:\/\/inprofit.eu\/pt-pt\/wp-json\/wp\/v2\/posts"}],"about":[{"href":"https:\/\/inprofit.eu\/pt-pt\/wp-json\/wp\/v2\/types\/post"}],"author":[{"embeddable":true,"href":"https:\/\/inprofit.eu\/pt-pt\/wp-json\/wp\/v2\/users\/1"}],"replies":[{"embeddable":true,"href":"https:\/\/inprofit.eu\/pt-pt\/wp-json\/wp\/v2\/comments?post=17881"}],"version-history":[{"count":2,"href":"https:\/\/inprofit.eu\/pt-pt\/wp-json\/wp\/v2\/posts\/17881\/revisions"}],"predecessor-version":[{"id":17884,"href":"https:\/\/inprofit.eu\/pt-pt\/wp-json\/wp\/v2\/posts\/17881\/revisions\/17884"}],"wp:featuredmedia":[{"embeddable":true,"href":"https:\/\/inprofit.eu\/pt-pt\/wp-json\/wp\/v2\/media\/17882"}],"wp:attachment":[{"href":"https:\/\/inprofit.eu\/pt-pt\/wp-json\/wp\/v2\/media?parent=17881"}],"wp:term":[{"taxonomy":"category","embeddable":true,"href":"https:\/\/inprofit.eu\/pt-pt\/wp-json\/wp\/v2\/categories?post=17881"},{"taxonomy":"post_tag","embeddable":true,"href":"https:\/\/inprofit.eu\/pt-pt\/wp-json\/wp\/v2\/tags?post=17881"}],"curies":[{"name":"wp","href":"https:\/\/api.w.org\/{rel}","templated":true}]}}