{"id":20753,"date":"2025-03-07T17:14:00","date_gmt":"2025-03-07T16:14:00","guid":{"rendered":"https:\/\/inprofit.eu\/sem-categoria\/neuroarquitectura-moldar-as-emocoes-e-o-comportamento\/"},"modified":"2026-04-28T17:48:09","modified_gmt":"2026-04-28T15:48:09","slug":"neuroarquitectura-moldar-as-emocoes-e-o-comportamento","status":"publish","type":"post","link":"https:\/\/inprofit.eu\/pt-pt\/marca\/neuroarquitectura-moldar-as-emocoes-e-o-comportamento\/","title":{"rendered":"Neuroarquitectura: Moldar as emo\u00e7\u00f5es e o comportamento"},"content":{"rendered":"\n<p><strong>A neuroarquitectura<\/strong> \u00e9 um campo emergente que estuda a forma como a conce\u00e7\u00e3o dos espa\u00e7os afecta o nosso c\u00e9rebro e as nossas emo\u00e7\u00f5es. Com base nas descobertas da neuroci\u00eancia, esta disciplina permite-nos criar ambientes que aumentam o bem-estar e melhoram a qualidade de vida. <\/p>\n\n<h2 class=\"wp-block-heading\" id=\"h-la-arquitectura-como-un-lenguaje-emocional\">A arquitetura como linguagem emocional<\/h2>\n\n<p>O design arquitet\u00f3nico n\u00e3o \u00e9 apenas uma quest\u00e3o de est\u00e9tica e funcionalidade, mas tamb\u00e9m um fator-chave na forma como vivemos o mundo. Atrav\u00e9s da cor, da ilumina\u00e7\u00e3o, dos materiais e da disposi\u00e7\u00e3o do espa\u00e7o, podemos modular as respostas cognitivas e emocionais que influenciam a nossa perce\u00e7\u00e3o, os n\u00edveis de stress, a criatividade e a liga\u00e7\u00e3o social. <\/p>\n\n<h3 class=\"wp-block-heading\" id=\"h-el-impacto-del-diseno-en-las-respuestas-emocionales\">O impacto do design nas respostas emocionais<\/h3>\n\n<p>A neuroarquitectura explora os efeitos psicol\u00f3gicos de diferentes elementos arquitect\u00f3nicos e a sua influ\u00eancia no comportamento humano. Alguns dos principais aspectos incluem: <\/p>\n\n<ul class=\"wp-block-list\">\n<li><strong>Ilumina\u00e7\u00e3o natural vs. artificial: <\/strong>  A luz natural \u00e9 essencial para a regula\u00e7\u00e3o do ritmo circadiano e para o bem-estar emocional. Espa\u00e7os bem iluminados com luz natural aumentam a produtividade e reduzem os n\u00edveis de stress. <\/li>\n\n\n\n<li><strong>Psicologia das cores e do espa\u00e7o:<\/strong> Os tons quentes, como o amarelo e o vermelho, podem induzir energia e dinamismo, enquanto os tons frios, como o azul e o verde, geram calma e relaxamento.<\/li>\n\n\n\n<li><strong>Disposi\u00e7\u00e3o e espa\u00e7os abertos:<\/strong> Os espa\u00e7os abertos e fluidos podem promover a colabora\u00e7\u00e3o e a criatividade, enquanto os espa\u00e7os fechados podem criar uma sensa\u00e7\u00e3o de seguran\u00e7a ou isolamento.<\/li>\n\n\n\n<li><strong>Materiais e texturas:<\/strong> Os materiais naturais, como a madeira e a pedra, transmitem sensa\u00e7\u00f5es de conforto e calor, ao passo que as superf\u00edcies frias, como o metal ou o bet\u00e3o, podem ser vistas como hostis ou impessoais.<\/li>\n<\/ul>\n\n<h3 class=\"wp-block-heading\" id=\"h-espacios-que-modulan-el-estres-y-la-creatividad\">Espa\u00e7os que modulam o stress e a criatividade<\/h3>\n\n<p>A arquitetura pode desempenhar um papel fundamental na modula\u00e7\u00e3o do stress. Um design arquitet\u00f3nico adequado pode promover o relaxamento, a recupera\u00e7\u00e3o emocional e estimular a criatividade. Os espa\u00e7os de trabalho inspirados na neuroarquitectura incorporam elementos como:  <\/p>\n\n<ul class=\"wp-block-list\">\n<li><strong>Zonas de desconex\u00e3o com vegeta\u00e7\u00e3o<\/strong>, que diminuem o cortisol e aumentam a concentra\u00e7\u00e3o.<\/li>\n\n\n\n<li><strong>Ambientes flex\u00edveis<\/strong> que permitem a adaptabilidade e a personaliza\u00e7\u00e3o dos espa\u00e7os de acordo com as necessidades emocionais.<\/li>\n\n\n\n<li><strong>Desenhos biof\u00edlicos<\/strong>, que integram a natureza no ambiente urbano para gerar um maior bem-estar psicol\u00f3gico.<\/li>\n<\/ul>\n\n<figure class=\"wp-block-image size-large\"><img fetchpriority=\"high\" decoding=\"async\" width=\"1024\" height=\"576\" src=\"https:\/\/inprofit.eu\/wp-content\/uploads\/2026\/04\/Diseno-interiores-emocionales-1024x576.webp\" alt=\"Design emocional\" class=\"wp-image-20745\" srcset=\"https:\/\/inprofit.eu\/wp-content\/uploads\/2026\/04\/Diseno-interiores-emocionales-1024x576.webp 1024w, https:\/\/inprofit.eu\/wp-content\/uploads\/2026\/04\/Diseno-interiores-emocionales-300x169.webp 300w, https:\/\/inprofit.eu\/wp-content\/uploads\/2026\/04\/Diseno-interiores-emocionales-768x432.webp 768w, https:\/\/inprofit.eu\/wp-content\/uploads\/2026\/04\/Diseno-interiores-emocionales.webp 1200w\" sizes=\"(max-width: 1024px) 100vw, 1024px\" \/><\/figure>\n\n<h2 class=\"wp-block-heading\" id=\"h-interiorismo-estrategico-creando-espacios-con-proposito\">Design de interiores estrat\u00e9gico: Criar espa\u00e7os com objectivos<\/h2>\n\n<p>O design estrat\u00e9gico de interiores vai al\u00e9m do design decorativo; \u00e9 uma ferramenta poderosa no \u00e2mbito da neuroarquitectura para potenciar as emo\u00e7\u00f5es desejadas num determinado espa\u00e7o. A sua aplica\u00e7\u00e3o em casas, escrit\u00f3rios e ambientes comerciais tem efeitos diretos na forma como as pessoas interagem com o ambiente que as rodeia. <\/p>\n\n<p>Alguns princ\u00edpios estrat\u00e9gicos de design de interiores alinhados com a neuroarquitectura incluem<\/p>\n\n<ul class=\"wp-block-list\">\n<li><strong>Design baseado na experi\u00eancia do utilizador:<\/strong> Adaptar os espa\u00e7os \u00e0s emo\u00e7\u00f5es e necessidades espec\u00edficas das pessoas que os habitam.<\/li>\n\n\n\n<li><strong>Zoneamento emocional:<\/strong> Cria \u00e1reas distintas para diferentes estados emocionais, como zonas de concentra\u00e7\u00e3o, colabora\u00e7\u00e3o ou descanso.<\/li>\n\n\n\n<li><strong>Utiliza\u00e7\u00e3o de aromas e sons ambientais:<\/strong> A incorpora\u00e7\u00e3o de elementos sensoriais pode modular o estado de esp\u00edrito e aumentar o conforto emocional.<\/li>\n<\/ul>\n\n<h3 class=\"wp-block-heading\" id=\"h-neuroarquitectura-y-el-futuro-del-diseno-espacial\">A neuroarquitectura e o futuro do design espacial<\/h3>\n\n<p>A aplica\u00e7\u00e3o da neuroarquitectura n\u00e3o se limita a casas ou escrit\u00f3rios, mas est\u00e1 a transformar hospitais, escolas, espa\u00e7os comerciais e at\u00e9 cidades inteiras. Est\u00e3o agora a ser desenvolvidos modelos de design urbano que procuram otimizar a sa\u00fade mental e a intera\u00e7\u00e3o social dos cidad\u00e3os. <\/p>\n\n<p>Algumas tend\u00eancias emergentes incluem:<\/p>\n\n<ul class=\"wp-block-list\">\n<li><strong>Arquitetura regenerativa:<\/strong> projectos que procuram n\u00e3o s\u00f3 reduzir o impacto ambiental, mas tamb\u00e9m regenerar os ecossistemas e melhorar a qualidade de vida dos seus habitantes.<\/li>\n\n\n\n<li><strong>Cidades sensorialmente inteligentes:<\/strong> Integrar a tecnologia para adaptar os espa\u00e7os urbanos em tempo real de acordo com as necessidades das pessoas.<\/li>\n\n\n\n<li><strong>Ambientes de aprendizagem optimizados:<\/strong> conce\u00e7\u00e3o escolar baseada na neuroci\u00eancia para melhorar a aten\u00e7\u00e3o, o bem-estar e o desempenho acad\u00e9mico.<\/li>\n<\/ul>\n\n<p>A neuroarquitectura representa uma evolu\u00e7\u00e3o na forma como concebemos os espa\u00e7os habitacionais. Ao compreender o impacto que a arquitetura tem nas nossas emo\u00e7\u00f5es e no nosso comportamento, podemos conceber ambientes que sejam n\u00e3o s\u00f3 funcionais e esteticamente agrad\u00e1veis, mas tamb\u00e9m ben\u00e9ficos para a sa\u00fade mental e emocional. <\/p>\n\n<p>O futuro do design arquitet\u00f3nico n\u00e3o reside apenas na tecnologia ou na sustentabilidade, mas na cria\u00e7\u00e3o de espa\u00e7os que geram bem-estar. A aplica\u00e7\u00e3o dos princ\u00edpios da <a href=\"https:\/\/inprofit.eu\/interiorismo-estrategico-sensorial\/\" type=\"page\" id=\"20730\">neuroarquitectura e do  <strong>design estrat\u00e9gico de interiores<\/strong><\/a> pode transformar a forma como vivemos, trabalhamos e nos relacionamos com o nosso ambiente, tornando a arquitetura uma verdadeira ferramenta para o equil\u00edbrio emocional e a felicidade humana. <\/p>\n\n<p>Queres come\u00e7ar um novo projeto?<a href=\"https:\/\/inprofit.eu\/pt-pt\/contacto\/\" type=\"page\" id=\"15\">  Contacta o nosso est\u00fadio<\/a><\/p>\n","protected":false},"excerpt":{"rendered":"<p>A neuroarquitectura \u00e9 um campo emergente que estuda a forma como a conce\u00e7\u00e3o dos espa\u00e7os afecta o nosso c\u00e9rebro e as nossas emo\u00e7\u00f5es. Com base nas descobertas da neuroci\u00eancia, esta disciplina permite-nos criar ambientes que aumentam o bem-estar e melhoram a qualidade de vida. A arquitetura como linguagem emocional O design arquitet\u00f3nico n\u00e3o \u00e9 apenas uma quest\u00e3o de est\u00e9tica e funcionalidade, mas tamb\u00e9m um fator-chave na forma como vivemos o mundo. Atrav\u00e9s da cor, da ilumina\u00e7\u00e3o, dos materiais e da disposi\u00e7\u00e3o do espa\u00e7o, podemos modular as respostas cognitivas e emocionais que influenciam a nossa perce\u00e7\u00e3o, os n\u00edveis de stress, a criatividade e a liga\u00e7\u00e3o social. O impacto do design nas respostas emocionais A neuroarquitectura explora os efeitos psicol\u00f3gicos de diferentes elementos arquitect\u00f3nicos e a sua influ\u00eancia no comportamento humano. Alguns dos principais aspectos incluem: Espa\u00e7os que modulam o stress e a criatividade A arquitetura pode desempenhar um papel fundamental na modula\u00e7\u00e3o do stress. Um design arquitet\u00f3nico adequado pode promover o relaxamento, a recupera\u00e7\u00e3o emocional e estimular a criatividade. Os espa\u00e7os de trabalho inspirados na neuroarquitectura incorporam elementos como: Design de interiores estrat\u00e9gico: Criar espa\u00e7os com objectivos O design estrat\u00e9gico de interiores vai al\u00e9m do design decorativo; \u00e9 uma ferramenta poderosa no \u00e2mbito da neuroarquitectura para potenciar as emo\u00e7\u00f5es desejadas num determinado espa\u00e7o. A sua aplica\u00e7\u00e3o em casas, escrit\u00f3rios e ambientes comerciais tem efeitos diretos na forma como as pessoas interagem com o ambiente que as rodeia. Alguns princ\u00edpios estrat\u00e9gicos de design de interiores alinhados com a neuroarquitectura incluem A neuroarquitectura e o futuro do design espacial A aplica\u00e7\u00e3o da neuroarquitectura n\u00e3o se limita a casas ou escrit\u00f3rios, mas est\u00e1 a transformar hospitais, escolas, espa\u00e7os comerciais e at\u00e9 cidades inteiras. Est\u00e3o agora a ser desenvolvidos modelos de design urbano que procuram otimizar a sa\u00fade mental e a intera\u00e7\u00e3o social dos cidad\u00e3os. Algumas tend\u00eancias emergentes incluem: A neuroarquitectura representa uma evolu\u00e7\u00e3o na forma como concebemos os espa\u00e7os habitacionais. Ao compreender o impacto que a arquitetura tem nas nossas emo\u00e7\u00f5es e no nosso comportamento, podemos conceber ambientes que sejam n\u00e3o s\u00f3 funcionais e esteticamente agrad\u00e1veis, mas tamb\u00e9m ben\u00e9ficos para a sa\u00fade mental e emocional. O futuro do design arquitet\u00f3nico n\u00e3o reside apenas na tecnologia ou na sustentabilidade, mas na cria\u00e7\u00e3o de espa\u00e7os que geram bem-estar. A aplica\u00e7\u00e3o dos princ\u00edpios da neuroarquitectura e do design estrat\u00e9gico de interiores pode transformar a forma como vivemos, trabalhamos e nos relacionamos com o nosso ambiente, tornando a arquitetura uma verdadeira ferramenta para o equil\u00edbrio emocional e a felicidade humana. Queres come\u00e7ar um novo projeto? Contacta o nosso est\u00fadio<\/p>\n","protected":false},"author":6,"featured_media":20755,"comment_status":"open","ping_status":"open","sticky":false,"template":"","format":"standard","meta":{"footnotes":""},"categories":[525],"tags":[1294],"class_list":["post-20753","post","type-post","status-publish","format-standard","has-post-thumbnail","hentry","category-marca","tag-neuroarquitectura"],"yoast_head":"<!-- This site is optimized with the Yoast SEO Premium plugin v27.4 (Yoast SEO v27.4) - https:\/\/yoast.com\/product\/yoast-seo-premium-wordpress\/ -->\n<title>Neuroarquitectura: Moldar as emo\u00e7\u00f5es e o comportamento - WOW<\/title>\n<meta name=\"description\" content=\"Descobre como a neuroarquitectura utiliza o design para criar espa\u00e7os estrat\u00e9gicos que, atrav\u00e9s do design de interiores, fomentam as emo\u00e7\u00f5es.\" \/>\n<meta name=\"robots\" content=\"index, follow, max-snippet:-1, max-image-preview:large, max-video-preview:-1\" \/>\n<link rel=\"canonical\" href=\"https:\/\/inprofit.eu\/pt-pt\/marca\/neuroarquitectura-moldar-as-emocoes-e-o-comportamento\/\" \/>\n<meta property=\"og:locale\" content=\"pt_PT\" \/>\n<meta property=\"og:type\" content=\"article\" \/>\n<meta property=\"og:title\" content=\"Neuroarquitectura: Moldar as emo\u00e7\u00f5es e o comportamento\" \/>\n<meta property=\"og:description\" content=\"Descobre como a neuroarquitectura utiliza o design para criar espa\u00e7os estrat\u00e9gicos que, atrav\u00e9s do design de interiores, fomentam as emo\u00e7\u00f5es.\" \/>\n<meta property=\"og:url\" content=\"https:\/\/inprofit.eu\/pt-pt\/marca\/neuroarquitectura-moldar-as-emocoes-e-o-comportamento\/\" \/>\n<meta property=\"og:site_name\" content=\"Inprofit\" \/>\n<meta property=\"article:publisher\" content=\"https:\/\/www.facebook.com\/Inprofit1\/\" \/>\n<meta property=\"article:published_time\" content=\"2025-03-07T16:14:00+00:00\" \/>\n<meta property=\"article:modified_time\" content=\"2026-04-28T15:48:09+00:00\" \/>\n<meta property=\"og:image\" content=\"https:\/\/inprofit.eu\/wp-content\/uploads\/2026\/04\/Neuro-arquitectura-wow.webp\" \/>\n\t<meta property=\"og:image:width\" content=\"1200\" \/>\n\t<meta property=\"og:image:height\" content=\"1200\" \/>\n\t<meta property=\"og:image:type\" content=\"image\/webp\" \/>\n<meta name=\"author\" content=\"Sara P\u00e9rez\" \/>\n<meta name=\"twitter:card\" content=\"summary_large_image\" \/>\n<meta name=\"twitter:label1\" content=\"Escrito por\" \/>\n\t<meta name=\"twitter:data1\" content=\"Sara P\u00e9rez\" \/>\n\t<meta name=\"twitter:label2\" content=\"Tempo estimado de leitura\" \/>\n\t<meta name=\"twitter:data2\" content=\"4 minutos\" \/>\n<script type=\"application\/ld+json\" class=\"yoast-schema-graph\">{\"@context\":\"https:\\\/\\\/schema.org\",\"@graph\":[{\"@type\":\"Article\",\"@id\":\"https:\\\/\\\/inprofit.eu\\\/pt-pt\\\/marca\\\/neuroarquitectura-moldar-as-emocoes-e-o-comportamento\\\/#article\",\"isPartOf\":{\"@id\":\"https:\\\/\\\/inprofit.eu\\\/pt-pt\\\/marca\\\/neuroarquitectura-moldar-as-emocoes-e-o-comportamento\\\/\"},\"author\":{\"name\":\"Sara P\u00e9rez\",\"@id\":\"https:\\\/\\\/inprofit.eu\\\/pt-pt\\\/#\\\/schema\\\/person\\\/6f1d240c8248d6d074784a2892130b2d\"},\"headline\":\"Neuroarquitectura: Moldar as emo\u00e7\u00f5es e o comportamento\",\"datePublished\":\"2025-03-07T16:14:00+00:00\",\"dateModified\":\"2026-04-28T15:48:09+00:00\",\"mainEntityOfPage\":{\"@id\":\"https:\\\/\\\/inprofit.eu\\\/pt-pt\\\/marca\\\/neuroarquitectura-moldar-as-emocoes-e-o-comportamento\\\/\"},\"wordCount\":827,\"commentCount\":0,\"publisher\":{\"@id\":\"https:\\\/\\\/inprofit.eu\\\/pt-pt\\\/#organization\"},\"image\":{\"@id\":\"https:\\\/\\\/inprofit.eu\\\/pt-pt\\\/marca\\\/neuroarquitectura-moldar-as-emocoes-e-o-comportamento\\\/#primaryimage\"},\"thumbnailUrl\":\"https:\\\/\\\/inprofit.eu\\\/wp-content\\\/uploads\\\/2026\\\/04\\\/Neuro-arquitectura-wow.webp\",\"keywords\":[\"Neuroarquitectura\"],\"articleSection\":[\"Marca\"],\"inLanguage\":\"pt-PT\",\"potentialAction\":[{\"@type\":\"CommentAction\",\"name\":\"Comment\",\"target\":[\"https:\\\/\\\/inprofit.eu\\\/pt-pt\\\/marca\\\/neuroarquitectura-moldar-as-emocoes-e-o-comportamento\\\/#respond\"]}]},{\"@type\":\"WebPage\",\"@id\":\"https:\\\/\\\/inprofit.eu\\\/pt-pt\\\/marca\\\/neuroarquitectura-moldar-as-emocoes-e-o-comportamento\\\/\",\"url\":\"https:\\\/\\\/inprofit.eu\\\/pt-pt\\\/marca\\\/neuroarquitectura-moldar-as-emocoes-e-o-comportamento\\\/\",\"name\":\"Neuroarquitectura: Moldar as emo\u00e7\u00f5es e o comportamento - WOW\",\"isPartOf\":{\"@id\":\"https:\\\/\\\/inprofit.eu\\\/pt-pt\\\/#website\"},\"primaryImageOfPage\":{\"@id\":\"https:\\\/\\\/inprofit.eu\\\/pt-pt\\\/marca\\\/neuroarquitectura-moldar-as-emocoes-e-o-comportamento\\\/#primaryimage\"},\"image\":{\"@id\":\"https:\\\/\\\/inprofit.eu\\\/pt-pt\\\/marca\\\/neuroarquitectura-moldar-as-emocoes-e-o-comportamento\\\/#primaryimage\"},\"thumbnailUrl\":\"https:\\\/\\\/inprofit.eu\\\/wp-content\\\/uploads\\\/2026\\\/04\\\/Neuro-arquitectura-wow.webp\",\"datePublished\":\"2025-03-07T16:14:00+00:00\",\"dateModified\":\"2026-04-28T15:48:09+00:00\",\"description\":\"Descobre como a neuroarquitectura utiliza o design para criar espa\u00e7os estrat\u00e9gicos que, atrav\u00e9s do design de interiores, fomentam as emo\u00e7\u00f5es.\",\"breadcrumb\":{\"@id\":\"https:\\\/\\\/inprofit.eu\\\/pt-pt\\\/marca\\\/neuroarquitectura-moldar-as-emocoes-e-o-comportamento\\\/#breadcrumb\"},\"inLanguage\":\"pt-PT\",\"potentialAction\":[{\"@type\":\"ReadAction\",\"target\":[\"https:\\\/\\\/inprofit.eu\\\/pt-pt\\\/marca\\\/neuroarquitectura-moldar-as-emocoes-e-o-comportamento\\\/\"]}]},{\"@type\":\"ImageObject\",\"inLanguage\":\"pt-PT\",\"@id\":\"https:\\\/\\\/inprofit.eu\\\/pt-pt\\\/marca\\\/neuroarquitectura-moldar-as-emocoes-e-o-comportamento\\\/#primaryimage\",\"url\":\"https:\\\/\\\/inprofit.eu\\\/wp-content\\\/uploads\\\/2026\\\/04\\\/Neuro-arquitectura-wow.webp\",\"contentUrl\":\"https:\\\/\\\/inprofit.eu\\\/wp-content\\\/uploads\\\/2026\\\/04\\\/Neuro-arquitectura-wow.webp\",\"width\":1200,\"height\":1200,\"caption\":\"Arquitetura estrat\u00e9gica\"},{\"@type\":\"BreadcrumbList\",\"@id\":\"https:\\\/\\\/inprofit.eu\\\/pt-pt\\\/marca\\\/neuroarquitectura-moldar-as-emocoes-e-o-comportamento\\\/#breadcrumb\",\"itemListElement\":[{\"@type\":\"ListItem\",\"position\":1,\"name\":\"Persiana\",\"item\":\"https:\\\/\\\/inprofit.eu\\\/pt-pt\\\/casa\\\/\"},{\"@type\":\"ListItem\",\"position\":2,\"name\":\"Neuroarquitectura: Moldar as emo\u00e7\u00f5es e o comportamento\"}]},{\"@type\":\"WebSite\",\"@id\":\"https:\\\/\\\/inprofit.eu\\\/pt-pt\\\/#website\",\"url\":\"https:\\\/\\\/inprofit.eu\\\/pt-pt\\\/\",\"name\":\"Inprofit\",\"description\":\"Ag\u00eancia de marketing e tecnologia\",\"publisher\":{\"@id\":\"https:\\\/\\\/inprofit.eu\\\/pt-pt\\\/#organization\"},\"alternateName\":\"Inprofit\",\"potentialAction\":[{\"@type\":\"SearchAction\",\"target\":{\"@type\":\"EntryPoint\",\"urlTemplate\":\"https:\\\/\\\/inprofit.eu\\\/pt-pt\\\/?s={search_term_string}\"},\"query-input\":{\"@type\":\"PropertyValueSpecification\",\"valueRequired\":true,\"valueName\":\"search_term_string\"}}],\"inLanguage\":\"pt-PT\"},{\"@type\":\"Organization\",\"@id\":\"https:\\\/\\\/inprofit.eu\\\/pt-pt\\\/#organization\",\"name\":\"Inprofit\",\"alternateName\":\"Inprofit\",\"url\":\"https:\\\/\\\/inprofit.eu\\\/pt-pt\\\/\",\"logo\":{\"@type\":\"ImageObject\",\"inLanguage\":\"pt-PT\",\"@id\":\"https:\\\/\\\/inprofit.eu\\\/pt-pt\\\/#\\\/schema\\\/logo\\\/image\\\/\",\"url\":\"https:\\\/\\\/inprofit.eu\\\/wp-content\\\/uploads\\\/2024\\\/12\\\/Inprofit-agencia-360.webp\",\"contentUrl\":\"https:\\\/\\\/inprofit.eu\\\/wp-content\\\/uploads\\\/2024\\\/12\\\/Inprofit-agencia-360.webp\",\"width\":1080,\"height\":1080,\"caption\":\"Inprofit\"},\"image\":{\"@id\":\"https:\\\/\\\/inprofit.eu\\\/pt-pt\\\/#\\\/schema\\\/logo\\\/image\\\/\"},\"sameAs\":[\"https:\\\/\\\/www.facebook.com\\\/Inprofit1\\\/\",\"https:\\\/\\\/es.linkedin.com\\\/company\\\/inprofit\",\"https:\\\/\\\/www.tiktok.com\\\/@inprofit.1\",\"https:\\\/\\\/www.instagram.com\\\/inprofit.1\\\/\"],\"description\":\"Ag\u00eancia de marketing, estrat\u00e9gia e transforma\u00e7\u00e3o digital para empresas e PMEs. Impulsionamos o teu crescimento com solu\u00e7\u00f5es personalizadas, integrando inova\u00e7\u00e3o, criatividade e tecnologia para maximizar o teu impacto no mundo digital e f\u00edsico. \",\"email\":\"info@inprofit.eu\",\"telephone\":\"+34965594272\",\"legalName\":\"Inprofit Consulting SL\",\"foundingDate\":\"2018-10-18\",\"vatID\":\"B42605055\",\"taxID\":\"B42605055\",\"numberOfEmployees\":{\"@type\":\"QuantitativeValue\",\"minValue\":\"11\",\"maxValue\":\"50\"}},{\"@type\":\"Person\",\"@id\":\"https:\\\/\\\/inprofit.eu\\\/pt-pt\\\/#\\\/schema\\\/person\\\/6f1d240c8248d6d074784a2892130b2d\",\"name\":\"Sara P\u00e9rez\",\"image\":{\"@type\":\"ImageObject\",\"inLanguage\":\"pt-PT\",\"@id\":\"https:\\\/\\\/inprofit.eu\\\/wp-content\\\/litespeed\\\/avatar\\\/33352dde429c4cedd33dbdc0dfd21d19.jpg?ver=1777036826\",\"url\":\"https:\\\/\\\/inprofit.eu\\\/wp-content\\\/litespeed\\\/avatar\\\/33352dde429c4cedd33dbdc0dfd21d19.jpg?ver=1777036826\",\"contentUrl\":\"https:\\\/\\\/inprofit.eu\\\/wp-content\\\/litespeed\\\/avatar\\\/33352dde429c4cedd33dbdc0dfd21d19.jpg?ver=1777036826\",\"caption\":\"Sara P\u00e9rez\"},\"description\":\"Social Media Manager con alma de exploradora digital. Obsesionada con comunidades que crecen solas y estrategias que rompen moldes. Fan del\u00a0viral marketing 2.0 y experiencias inmersivas.\",\"sameAs\":[\"https:\\\/\\\/www.linkedin.com\\\/in\\\/sara-prez-ferrer-bb11b7110\\\/\"],\"jobTitle\":\"Social media\",\"worksFor\":\"Inprofit Consulting S.L.\",\"url\":\"https:\\\/\\\/inprofit.eu\\\/pt-pt\\\/author\\\/sara-perez\\\/\"}]}<\/script>\n<!-- \/ Yoast SEO Premium plugin. -->","yoast_head_json":{"title":"Neuroarquitectura: Moldar as emo\u00e7\u00f5es e o comportamento - WOW","description":"Descobre como a neuroarquitectura utiliza o design para criar espa\u00e7os estrat\u00e9gicos que, atrav\u00e9s do design de interiores, fomentam as emo\u00e7\u00f5es.","robots":{"index":"index","follow":"follow","max-snippet":"max-snippet:-1","max-image-preview":"max-image-preview:large","max-video-preview":"max-video-preview:-1"},"canonical":"https:\/\/inprofit.eu\/pt-pt\/marca\/neuroarquitectura-moldar-as-emocoes-e-o-comportamento\/","og_locale":"pt_PT","og_type":"article","og_title":"Neuroarquitectura: Moldar as emo\u00e7\u00f5es e o comportamento","og_description":"Descobre como a neuroarquitectura utiliza o design para criar espa\u00e7os estrat\u00e9gicos que, atrav\u00e9s do design de interiores, fomentam as emo\u00e7\u00f5es.","og_url":"https:\/\/inprofit.eu\/pt-pt\/marca\/neuroarquitectura-moldar-as-emocoes-e-o-comportamento\/","og_site_name":"Inprofit","article_publisher":"https:\/\/www.facebook.com\/Inprofit1\/","article_published_time":"2025-03-07T16:14:00+00:00","article_modified_time":"2026-04-28T15:48:09+00:00","og_image":[{"width":1200,"height":1200,"url":"https:\/\/inprofit.eu\/wp-content\/uploads\/2026\/04\/Neuro-arquitectura-wow.webp","type":"image\/webp"}],"author":"Sara P\u00e9rez","twitter_card":"summary_large_image","twitter_misc":{"Escrito por":"Sara P\u00e9rez","Tempo estimado de leitura":"4 minutos"},"schema":{"@context":"https:\/\/schema.org","@graph":[{"@type":"Article","@id":"https:\/\/inprofit.eu\/pt-pt\/marca\/neuroarquitectura-moldar-as-emocoes-e-o-comportamento\/#article","isPartOf":{"@id":"https:\/\/inprofit.eu\/pt-pt\/marca\/neuroarquitectura-moldar-as-emocoes-e-o-comportamento\/"},"author":{"name":"Sara P\u00e9rez","@id":"https:\/\/inprofit.eu\/pt-pt\/#\/schema\/person\/6f1d240c8248d6d074784a2892130b2d"},"headline":"Neuroarquitectura: Moldar as emo\u00e7\u00f5es e o comportamento","datePublished":"2025-03-07T16:14:00+00:00","dateModified":"2026-04-28T15:48:09+00:00","mainEntityOfPage":{"@id":"https:\/\/inprofit.eu\/pt-pt\/marca\/neuroarquitectura-moldar-as-emocoes-e-o-comportamento\/"},"wordCount":827,"commentCount":0,"publisher":{"@id":"https:\/\/inprofit.eu\/pt-pt\/#organization"},"image":{"@id":"https:\/\/inprofit.eu\/pt-pt\/marca\/neuroarquitectura-moldar-as-emocoes-e-o-comportamento\/#primaryimage"},"thumbnailUrl":"https:\/\/inprofit.eu\/wp-content\/uploads\/2026\/04\/Neuro-arquitectura-wow.webp","keywords":["Neuroarquitectura"],"articleSection":["Marca"],"inLanguage":"pt-PT","potentialAction":[{"@type":"CommentAction","name":"Comment","target":["https:\/\/inprofit.eu\/pt-pt\/marca\/neuroarquitectura-moldar-as-emocoes-e-o-comportamento\/#respond"]}]},{"@type":"WebPage","@id":"https:\/\/inprofit.eu\/pt-pt\/marca\/neuroarquitectura-moldar-as-emocoes-e-o-comportamento\/","url":"https:\/\/inprofit.eu\/pt-pt\/marca\/neuroarquitectura-moldar-as-emocoes-e-o-comportamento\/","name":"Neuroarquitectura: Moldar as emo\u00e7\u00f5es e o comportamento - WOW","isPartOf":{"@id":"https:\/\/inprofit.eu\/pt-pt\/#website"},"primaryImageOfPage":{"@id":"https:\/\/inprofit.eu\/pt-pt\/marca\/neuroarquitectura-moldar-as-emocoes-e-o-comportamento\/#primaryimage"},"image":{"@id":"https:\/\/inprofit.eu\/pt-pt\/marca\/neuroarquitectura-moldar-as-emocoes-e-o-comportamento\/#primaryimage"},"thumbnailUrl":"https:\/\/inprofit.eu\/wp-content\/uploads\/2026\/04\/Neuro-arquitectura-wow.webp","datePublished":"2025-03-07T16:14:00+00:00","dateModified":"2026-04-28T15:48:09+00:00","description":"Descobre como a neuroarquitectura utiliza o design para criar espa\u00e7os estrat\u00e9gicos que, atrav\u00e9s do design de interiores, fomentam as emo\u00e7\u00f5es.","breadcrumb":{"@id":"https:\/\/inprofit.eu\/pt-pt\/marca\/neuroarquitectura-moldar-as-emocoes-e-o-comportamento\/#breadcrumb"},"inLanguage":"pt-PT","potentialAction":[{"@type":"ReadAction","target":["https:\/\/inprofit.eu\/pt-pt\/marca\/neuroarquitectura-moldar-as-emocoes-e-o-comportamento\/"]}]},{"@type":"ImageObject","inLanguage":"pt-PT","@id":"https:\/\/inprofit.eu\/pt-pt\/marca\/neuroarquitectura-moldar-as-emocoes-e-o-comportamento\/#primaryimage","url":"https:\/\/inprofit.eu\/wp-content\/uploads\/2026\/04\/Neuro-arquitectura-wow.webp","contentUrl":"https:\/\/inprofit.eu\/wp-content\/uploads\/2026\/04\/Neuro-arquitectura-wow.webp","width":1200,"height":1200,"caption":"Arquitetura estrat\u00e9gica"},{"@type":"BreadcrumbList","@id":"https:\/\/inprofit.eu\/pt-pt\/marca\/neuroarquitectura-moldar-as-emocoes-e-o-comportamento\/#breadcrumb","itemListElement":[{"@type":"ListItem","position":1,"name":"Persiana","item":"https:\/\/inprofit.eu\/pt-pt\/casa\/"},{"@type":"ListItem","position":2,"name":"Neuroarquitectura: Moldar as emo\u00e7\u00f5es e o comportamento"}]},{"@type":"WebSite","@id":"https:\/\/inprofit.eu\/pt-pt\/#website","url":"https:\/\/inprofit.eu\/pt-pt\/","name":"Inprofit","description":"Ag\u00eancia de marketing e tecnologia","publisher":{"@id":"https:\/\/inprofit.eu\/pt-pt\/#organization"},"alternateName":"Inprofit","potentialAction":[{"@type":"SearchAction","target":{"@type":"EntryPoint","urlTemplate":"https:\/\/inprofit.eu\/pt-pt\/?s={search_term_string}"},"query-input":{"@type":"PropertyValueSpecification","valueRequired":true,"valueName":"search_term_string"}}],"inLanguage":"pt-PT"},{"@type":"Organization","@id":"https:\/\/inprofit.eu\/pt-pt\/#organization","name":"Inprofit","alternateName":"Inprofit","url":"https:\/\/inprofit.eu\/pt-pt\/","logo":{"@type":"ImageObject","inLanguage":"pt-PT","@id":"https:\/\/inprofit.eu\/pt-pt\/#\/schema\/logo\/image\/","url":"https:\/\/inprofit.eu\/wp-content\/uploads\/2024\/12\/Inprofit-agencia-360.webp","contentUrl":"https:\/\/inprofit.eu\/wp-content\/uploads\/2024\/12\/Inprofit-agencia-360.webp","width":1080,"height":1080,"caption":"Inprofit"},"image":{"@id":"https:\/\/inprofit.eu\/pt-pt\/#\/schema\/logo\/image\/"},"sameAs":["https:\/\/www.facebook.com\/Inprofit1\/","https:\/\/es.linkedin.com\/company\/inprofit","https:\/\/www.tiktok.com\/@inprofit.1","https:\/\/www.instagram.com\/inprofit.1\/"],"description":"Ag\u00eancia de marketing, estrat\u00e9gia e transforma\u00e7\u00e3o digital para empresas e PMEs. Impulsionamos o teu crescimento com solu\u00e7\u00f5es personalizadas, integrando inova\u00e7\u00e3o, criatividade e tecnologia para maximizar o teu impacto no mundo digital e f\u00edsico. ","email":"info@inprofit.eu","telephone":"+34965594272","legalName":"Inprofit Consulting SL","foundingDate":"2018-10-18","vatID":"B42605055","taxID":"B42605055","numberOfEmployees":{"@type":"QuantitativeValue","minValue":"11","maxValue":"50"}},{"@type":"Person","@id":"https:\/\/inprofit.eu\/pt-pt\/#\/schema\/person\/6f1d240c8248d6d074784a2892130b2d","name":"Sara P\u00e9rez","image":{"@type":"ImageObject","inLanguage":"pt-PT","@id":"https:\/\/inprofit.eu\/wp-content\/litespeed\/avatar\/33352dde429c4cedd33dbdc0dfd21d19.jpg?ver=1777036826","url":"https:\/\/inprofit.eu\/wp-content\/litespeed\/avatar\/33352dde429c4cedd33dbdc0dfd21d19.jpg?ver=1777036826","contentUrl":"https:\/\/inprofit.eu\/wp-content\/litespeed\/avatar\/33352dde429c4cedd33dbdc0dfd21d19.jpg?ver=1777036826","caption":"Sara P\u00e9rez"},"description":"Social Media Manager con alma de exploradora digital. Obsesionada con comunidades que crecen solas y estrategias que rompen moldes. Fan del\u00a0viral marketing 2.0 y experiencias inmersivas.","sameAs":["https:\/\/www.linkedin.com\/in\/sara-prez-ferrer-bb11b7110\/"],"jobTitle":"Social media","worksFor":"Inprofit Consulting S.L.","url":"https:\/\/inprofit.eu\/pt-pt\/author\/sara-perez\/"}]}},"_links":{"self":[{"href":"https:\/\/inprofit.eu\/pt-pt\/wp-json\/wp\/v2\/posts\/20753","targetHints":{"allow":["GET"]}}],"collection":[{"href":"https:\/\/inprofit.eu\/pt-pt\/wp-json\/wp\/v2\/posts"}],"about":[{"href":"https:\/\/inprofit.eu\/pt-pt\/wp-json\/wp\/v2\/types\/post"}],"author":[{"embeddable":true,"href":"https:\/\/inprofit.eu\/pt-pt\/wp-json\/wp\/v2\/users\/6"}],"replies":[{"embeddable":true,"href":"https:\/\/inprofit.eu\/pt-pt\/wp-json\/wp\/v2\/comments?post=20753"}],"version-history":[{"count":1,"href":"https:\/\/inprofit.eu\/pt-pt\/wp-json\/wp\/v2\/posts\/20753\/revisions"}],"predecessor-version":[{"id":20757,"href":"https:\/\/inprofit.eu\/pt-pt\/wp-json\/wp\/v2\/posts\/20753\/revisions\/20757"}],"wp:featuredmedia":[{"embeddable":true,"href":"https:\/\/inprofit.eu\/pt-pt\/wp-json\/wp\/v2\/media\/20755"}],"wp:attachment":[{"href":"https:\/\/inprofit.eu\/pt-pt\/wp-json\/wp\/v2\/media?parent=20753"}],"wp:term":[{"taxonomy":"category","embeddable":true,"href":"https:\/\/inprofit.eu\/pt-pt\/wp-json\/wp\/v2\/categories?post=20753"},{"taxonomy":"post_tag","embeddable":true,"href":"https:\/\/inprofit.eu\/pt-pt\/wp-json\/wp\/v2\/tags?post=20753"}],"curies":[{"name":"wp","href":"https:\/\/api.w.org\/{rel}","templated":true}]}}